{"id":9071,"date":"2023-06-09T09:40:38","date_gmt":"2023-06-09T07:40:38","guid":{"rendered":"https:\/\/www.sysbee.net\/hr\/?p=9071"},"modified":"2023-06-09T09:43:51","modified_gmt":"2023-06-09T07:43:51","slug":"lets-grow-konferencija","status":"publish","type":"post","link":"https:\/\/www.sysbee.net\/hr\/novosti\/lets-grow-konferencija\/","title":{"rendered":"Let&#8217;s Grow! konferencija"},"content":{"rendered":"<div class=\"wpb-content-wrapper\"><p>[vc_row][vc_column][vc_column_text]<span style=\"font-size: 19px\">I ove godine se odr\u017eala najve\u0107a ICT konferencija u Istri, Let\u2019s Grow! konferencija, a mi smo bili dio te pri\u010de. Uz zanimljiva predavanja i panel rasprave, dru\u017eili smo se s kolegama iz Istre te popratili novitete pojedinih firmi.<\/span>[\/vc_column_text][\/vc_column][\/vc_row][vc_row][vc_column]<div class=\"porto-u-heading  wpb_custom_95aa9a11c17ad45cfabaf210d84ee7cc porto-u-5136\"><div class=\"porto-u-sub-heading\" style=\"\">\n<h2>Let\u2019s Grow! konferencija<\/h2>\n<p><\/div><style>.porto-u-5136.porto-u-heading{text-align:left}<\/style><\/div>[\/vc_column][\/vc_row][vc_row][vc_column][vc_column_text]<span style=\"font-size: 16px\">Ove se godine odr\u017eala <strong>druga Let\u2019s Grow! konferencija<\/strong>, najve\u0107a ICT konferencija u Istri. Konferenciju organizira neprofitna udruga <a href=\"https:\/\/ict-istra.hr\/\" target=\"_blank\" rel=\"noopener\">ICT Istra<\/a> s partnerima. Cilj ovogodi\u0161nje konferencije je potaknuti mlade za zapo\u0161ljavanje u ICT industriji u Istri. Naglasit \u0107emo samo kako je Istra, nakon Zagreba, najrazvijenija IT regija u Hrvatskoj. Zanimljivo je to \u0161to se u ICT industriji u Hrvatskoj danas zapo\u0161ljava oko 40.000 ljudi, dok u Istri oko 3.000 ljudi.<\/span>[\/vc_column_text][\/vc_column][\/vc_row][vc_row][vc_column]<div class=\"porto-u-heading  wpb_custom_95aa9a11c17ad45cfabaf210d84ee7cc porto-u-3705\"><div class=\"porto-u-sub-heading\" style=\"\">\n<h2>Predavanja i panel rasprave<\/h2>\n<p><\/div><style>.porto-u-3705.porto-u-heading{text-align:left}<\/style><\/div>[\/vc_column][\/vc_row][vc_row][vc_column][vc_column_text]<span style=\"font-size: 16px\"><span style=\"font-weight: 400\">Na ovogodi\u0161njoj Let\u2019s Grow! konferenciji sudjelovalo vi\u0161e od 20 predava\u010da i panelista. Na konferenciji su se mogle poslu\u0161ati razne zanimljive teme. Primjerice <\/span><i><span style=\"font-weight: 400\"><strong>Kakav je napredak ICT sektora u Istri u odnosu na pro\u0161lu godinu<\/strong>, <strong>Mitovi o poslovima u ICT-u <\/strong><\/span><\/i><span style=\"font-weight: 400\">te <\/span><i><span style=\"font-weight: 400\"><strong>kako uspje\u0161no prije\u0107i na ICT karijeru<\/strong>.<\/span><\/i><span style=\"font-weight: 400\"> Tako\u0111er spomenula se i danas vrlo zanimljiva tema &#8211; <\/span><strong><i>Trebaju li nam vje\u0161tine u svijetu umjetne inteligencije? <\/i><\/strong><span style=\"font-weight: 400\">Svoje mi\u0161ljenje istaknuli su i u\u010denici srednjih \u0161kola u panel raspravi <\/span><strong><i>Od \u0161kolskih klupa do jednoroga<\/i><\/strong><span style=\"font-weight: 400\"> te studenti u panel raspravi <\/span><i><span style=\"font-weight: 400\"><strong>Stru\u010dnjaci [Under Construction]<\/strong>. <\/span><\/i><span style=\"font-weight: 400\">A kao jedna od najaktualnijih tema bila je <\/span><i><span style=\"font-weight: 400\"><strong>ICT Supergirls<\/strong>. <\/span><\/i><\/span>[\/vc_column_text][\/vc_column][\/vc_row][vc_row][vc_column]<div class=\"porto-u-heading  wpb_custom_95aa9a11c17ad45cfabaf210d84ee7cc porto-u-2169\"><div class=\"porto-u-sub-heading\" style=\"\">\n<h2>Izlaga\u010di<\/h2>\n<p><\/div><style>.porto-u-2169.porto-u-heading{text-align:left}<\/style><\/div>[\/vc_column][\/vc_row][vc_row][vc_column][vc_column_text]<span style=\"font-weight: 400;font-size: 16px\">I ove godine bio je veliki odaziv Istarskih ICT tvrtki: <a href=\"https:\/\/cenosco.com\/\" target=\"_blank\" rel=\"noopener\">Cenosco<\/a>, <a href=\"https:\/\/www.gtnet.hr\/\" target=\"_blank\" rel=\"noopener\">GT-net<\/a>, <a href=\"https:\/\/mijena.hr\/\" target=\"_blank\" rel=\"noopener\">Mijena<\/a>, <a href=\"https:\/\/www.penta.hr\/en\/\" target=\"_blank\" rel=\"noopener\">Penta<\/a>, <a href=\"https:\/\/plus.hr\/\" target=\"_blank\" rel=\"noopener\">Plus Hosting<\/a>, <a href=\"https:\/\/lloyds-digital.com\/\" target=\"_blank\" rel=\"noopener\">Lloyds Digital<\/a>, <a href=\"https:\/\/www.cmg.digital\/\" target=\"_blank\" rel=\"noopener\">CMG<\/a>, <a href=\"https:\/\/www.infobip.com\/\" target=\"_blank\" rel=\"noopener\">Infobip<\/a>, <a href=\"https:\/\/tehnoline-telekom.hr\/\" target=\"_blank\" rel=\"noopener\">Tehnoline Telekom<\/a>, <a href=\"https:\/\/www.consonna.com\/\" target=\"_blank\" rel=\"noopener\">Consonna<\/a>, <a href=\"https:\/\/about.sprend.com\/\" target=\"_blank\" rel=\"noopener\">Sprend<\/a>, <a href=\"http:\/\/www.istratech.hr\/en\/\" target=\"_blank\" rel=\"noopener\">IstraTech<\/a>, <a href=\"https:\/\/edihadria.eu\/\" target=\"_blank\" rel=\"noopener\">EDIH Adria<\/a> a tu je naravno bio i Sysbee. Posjetitelji su mogli od izlaga\u010da tra\u017eiti informacije o digitalnom marketingu, razvoju aplikacija, slanju velikih datoteka, lokalnom telekomu, digitalizaciji sistema, <a href=\"https:\/\/www.sysbee.net\/services\/\" target=\"_blank\" rel=\"noopener\">upravljanju serverskom infrastrukturom<\/a> i sl. U ugodnom dru\u017eenju s kolegama, saznali smo na \u010demu trenutno rade, s kakvim preprekama se susre\u0107u, kakvi su im rezultati kampanja ali i dobre prakse i pokoji koristan savjet koji \u0107emo i mi mo\u0107i primijeniti. <\/span>[\/vc_column_text][\/vc_column][\/vc_row][vc_row][vc_column]<div id=\"porto-carousel-82704879769f0c092a5f80\" class=\"porto-carousel-wrapper\" data-gutter=\"15\" data-rtl=\"false\" ><div class=\"porto-ultimate-carousel porto-carousel-37028555669f0c092a5f64 \" >[vc_single_image image=&#8221;9077&#8243; img_size=&#8221;826&#215;460&#8243; label=&#8221;&#8221;][vc_single_image image=&#8221;9087&#8243; img_size=&#8221;826&#215;460&#8243; label=&#8221;&#8221;][vc_single_image image=&#8221;9086&#8243; img_size=&#8221;826&#215;460&#8243; label=&#8221;&#8221;][vc_single_image image=&#8221;9085&#8243; img_size=&#8221;826&#215;460&#8243; label=&#8221;&#8221;][vc_single_image image=&#8221;9084&#8243; img_size=&#8221;826&#215;460&#8243; label=&#8221;&#8221;][vc_single_image image=&#8221;9083&#8243; img_size=&#8221;826&#215;460&#8243; label=&#8221;&#8221;][vc_single_image image=&#8221;9082&#8243; img_size=&#8221;826&#215;460&#8243; label=&#8221;&#8221;][vc_single_image image=&#8221;9081&#8243; img_size=&#8221;826&#215;460&#8243; label=&#8221;&#8221;][vc_single_image image=&#8221;9080&#8243; img_size=&#8221;826&#215;460&#8243; label=&#8221;&#8221;][vc_single_image image=&#8221;9079&#8243; img_size=&#8221;826&#215;460&#8243; label=&#8221;&#8221;][vc_single_image image=&#8221;9078&#8243; img_size=&#8221;826&#215;460&#8243; label=&#8221;&#8221;]<\/div><\/div><script>\r\n\t(function(){\r\n\t\tvar porto_inc_slick_js = function() {\r\n\t\t\t( function( $ ) {\r\n\t\t\t\tif ( $.fn.slick ) {\r\n\t\t\t\t\t$('.porto-carousel-37028555669f0c092a5f64').slick({dots: true,autoplay: true,autoplaySpeed: 3000,speed: 300,infinite: true,arrows: true,nextArrow: '<button type=\"button\" role=\"button\" aria-label=\"Next\" style=\"color:#333333; font-size:20px;\" class=\"slick-next default\"><i class=\"fas fa-chevron-right\"><\/i><\/button>',prevArrow: '<button type=\"button\" role=\"button\" aria-label=\"Previous\" style=\"color:#333333; font-size:20px;\" class=\"slick-prev default\"><i class=\"fas fa-chevron-left\"><\/i><\/button>',slidesToScroll:1,slidesToShow:1,swipe: true,draggable: true,touchMove: true,pauseOnHover: true,responsive: [\r\n\t\t\t\t{\r\n\t\t\t\t  breakpoint: 1025,\r\n\t\t\t\t  settings: {\r\n\t\t\t\t\tslidesToShow: 1,\r\n\t\t\t\t\tslidesToScroll: 1,  \r\n\t\t\t\t  }\r\n\t\t\t\t},\r\n\t\t\t\t{\r\n\t\t\t\t  breakpoint: 769,\r\n\t\t\t\t  settings: {\r\n\t\t\t\t\tslidesToShow: 3,\r\n\t\t\t\t\tslidesToScroll: 3\r\n\t\t\t\t  }\r\n\t\t\t\t},\r\n\t\t\t\t{\r\n\t\t\t\t  breakpoint: 481,\r\n\t\t\t\t  settings: {\r\n\t\t\t\t\tslidesToShow: 1,\r\n\t\t\t\t\tslidesToScroll: 1\r\n\t\t\t\t  }\r\n\t\t\t\t}\r\n\t\t\t],pauseOnDotsHover: true,customPaging: function(slider, i) {\r\n\t   return '<i type=\"button\" style=\"color:#333333;\" class=\"far fa-circle\" data-role=\"none\"><\/i>';\r\n\t},});\r\n\t\t\t\t} else {\r\n\t\t\t\t\t\t\t\t}\r\n\t\t\t} )( jQuery );\r\n\t\t};\r\n\r\n\t\tif ( window.theme && theme.isLoaded ) {\r\n\t\t\tporto_inc_slick_js();\r\n\t\t} else {\r\n\t\t\twindow.addEventListener( 'load', porto_inc_slick_js );\r\n\t\t}\r\n\t})();\r\n<\/script>\r\n[\/vc_column][\/vc_row][vc_row][vc_column]<div class=\"porto-u-heading  wpb_custom_95aa9a11c17ad45cfabaf210d84ee7cc porto-u-4048\"><div class=\"porto-u-sub-heading\" style=\"\">\n<h2>Poslovni speed dating<\/h2>\n<p><\/div><style>.porto-u-4048.porto-u-heading{text-align:left}<\/style><\/div>[\/vc_column][\/vc_row][vc_row][vc_column][vc_column_text]<span style=\"font-weight: 400;font-size: 16px\">Ono \u0161to je na ovogodi\u0161njoj Let\u2019s Grow! konferenciji novitet je upravo <strong>poslovni speed dating<\/strong>. Poslovni speed dating omogu\u0107io je u\u010denicima i studentima da se u svega par minuta upoznaju s firmama koje djeluju na podru\u010dju Istarske \u017eupanije \u0161to je kod nekih rezultiralo i zapo\u0161ljavanjem. Moramo priznati da smo odu\u0161evljeni odazivom studenata i u\u010denika te moramo pohvaliti njihovu <strong>motiviranost za rad u ICT-u <\/strong>kao i njihove<strong> samostalne projekte<\/strong>. Just keep up with the good work! <\/span>[\/vc_column_text][\/vc_column][\/vc_row][vc_row][vc_column]<div class=\"porto-u-heading  wpb_custom_95aa9a11c17ad45cfabaf210d84ee7cc porto-u-5122\"><div class=\"porto-u-sub-heading\" style=\"\">\n<h2>After party<\/h2>\n<p><\/div><style>.porto-u-5122.porto-u-heading{text-align:left}<\/style><\/div>[\/vc_column][\/vc_row][vc_row][vc_column][vc_column_text]<span style=\"font-weight: 400;font-size: 16px\">A \u0161to je konferencija bez after party-a?\u00a0<\/span><\/p>\n<p><span style=\"font-size: 16px\"><span style=\"font-weight: 400\">Kao i uvijek, nakon cjelodnevne konferencije, izlaga\u010di ali i posjetitelji mogli su se zabaviti na after partyu uz DJ-a. A mi smo ovu priliku iskoristili kako bi popri\u010dali s kolegama o dojmovima s konferencije i razmijenili iskustva o poslovanju u IT sektoru.<\/span><span style=\"font-weight: 400\"><br \/>\n<\/span><\/span><\/p>\n<p>&nbsp;<\/p>\n<p><span style=\"font-size: 16px\"><strong>Win-Win!\u00a0<\/strong><\/span><\/p>\n<p><span style=\"font-weight: 400;font-size: 16px\">Kako ka\u017ee ICT Istra, u IT sektoru pobje\u0111ujemo i poslovno i privatno!<\/span>[\/vc_column_text][\/vc_column][\/vc_row]<\/p>\n<\/div>","protected":false},"excerpt":{"rendered":"<p>[vc_row][vc_column][vc_column_text]I ove godine se odr\u017eala najve\u0107a ICT konferencija u Istri, Let\u2019s Grow! konferencija, a mi smo bili dio te pri\u010de. Uz zanimljiva predavanja i panel rasprave, dru\u017eili smo se s kolegama iz Istre te popratili novitete pojedinih firmi.[\/vc_column_text][\/vc_column][\/vc_row][vc_row][vc_column][\/vc_column][\/vc_row][vc_row][vc_column][vc_column_text]Ove se godine odr\u017eala druga Let\u2019s Grow! konferencija, najve\u0107a ICT konferencija u Istri. Konferenciju organizira neprofitna udruga ICT [&hellip;]<\/p>\n","protected":false},"author":11,"featured_media":9076,"comment_status":"open","ping_status":"open","sticky":false,"template":"","format":"standard","meta":{"inline_featured_image":false,"footnotes":""},"categories":[2,173,6],"tags":[],"yoast_head":"<!-- This site is optimized with the Yoast SEO plugin v22.4 - https:\/\/yoast.com\/wordpress\/plugins\/seo\/ -->\n<title>Let&#039;s Grow! konferencija - Sysbee - HR<\/title>\n<meta name=\"description\" content=\"Let\u2019s Grow! konferencija - najve\u0107a ICT konferencija na podru\u010dju Istre u organizaciji neprofitne udruge ICT Istra.\" \/>\n<meta name=\"robots\" content=\"index, follow, max-snippet:-1, max-image-preview:large, max-video-preview:-1\" \/>\n<link rel=\"canonical\" href=\"https:\/\/www.sysbee.net\/hr\/novosti\/lets-grow-konferencija\/\" \/>\n<meta property=\"og:locale\" content=\"hr_HR\" \/>\n<meta property=\"og:type\" content=\"article\" \/>\n<meta property=\"og:title\" content=\"Let&#039;s Grow! konferencija - Sysbee - HR\" \/>\n<meta property=\"og:description\" content=\"Let\u2019s Grow! konferencija - najve\u0107a ICT konferencija na podru\u010dju Istre u organizaciji neprofitne udruge ICT Istra.\" \/>\n<meta property=\"og:url\" content=\"https:\/\/www.sysbee.net\/hr\/novosti\/lets-grow-konferencija\/\" \/>\n<meta property=\"og:site_name\" content=\"Sysbee - HR\" \/>\n<meta property=\"article:published_time\" content=\"2023-06-09T07:40:38+00:00\" \/>\n<meta property=\"article:modified_time\" content=\"2023-06-09T07:43:51+00:00\" \/>\n<meta property=\"og:image\" content=\"https:\/\/cdn-web.sysbee.net\/hr\/wp-content\/uploads\/sites\/3\/2023\/06\/image-1-scaled.jpg?x70664\" \/>\n\t<meta property=\"og:image:width\" content=\"2560\" \/>\n\t<meta property=\"og:image:height\" content=\"1142\" \/>\n\t<meta property=\"og:image:type\" content=\"image\/jpeg\" \/>\n<meta name=\"author\" content=\"Natali Vla\u010di\u0107\" \/>\n<meta name=\"twitter:card\" content=\"summary_large_image\" \/>\n<meta name=\"twitter:label1\" content=\"Napisao\/la\" \/>\n\t<meta name=\"twitter:data1\" content=\"Natali Vla\u010di\u0107\" \/>\n\t<meta name=\"twitter:label2\" content=\"Procijenjeno vrijeme \u010ditanja\" \/>\n\t<meta name=\"twitter:data2\" content=\"4 minute\" \/>\n<script type=\"application\/ld+json\" class=\"yoast-schema-graph\">{\"@context\":\"https:\/\/schema.org\",\"@graph\":[{\"@type\":\"WebPage\",\"@id\":\"https:\/\/www.sysbee.net\/hr\/novosti\/lets-grow-konferencija\/\",\"url\":\"https:\/\/www.sysbee.net\/hr\/novosti\/lets-grow-konferencija\/\",\"name\":\"Let's Grow! konferencija - Sysbee - HR\",\"isPartOf\":{\"@id\":\"https:\/\/www.sysbee.net\/hr\/#website\"},\"primaryImageOfPage\":{\"@id\":\"https:\/\/www.sysbee.net\/hr\/novosti\/lets-grow-konferencija\/#primaryimage\"},\"image\":{\"@id\":\"https:\/\/www.sysbee.net\/hr\/novosti\/lets-grow-konferencija\/#primaryimage\"},\"thumbnailUrl\":\"https:\/\/www.sysbee.net\/hr\/wp-content\/uploads\/sites\/3\/2023\/06\/image-1-scaled.jpg\",\"datePublished\":\"2023-06-09T07:40:38+00:00\",\"dateModified\":\"2023-06-09T07:43:51+00:00\",\"author\":{\"@id\":\"https:\/\/www.sysbee.net\/hr\/#\/schema\/person\/ba8ded65c9c7d65ab102bc9597505305\"},\"description\":\"Let\u2019s Grow! konferencija - najve\u0107a ICT konferencija na podru\u010dju Istre u organizaciji neprofitne udruge ICT Istra.\",\"breadcrumb\":{\"@id\":\"https:\/\/www.sysbee.net\/hr\/novosti\/lets-grow-konferencija\/#breadcrumb\"},\"inLanguage\":\"hr\",\"potentialAction\":[{\"@type\":\"ReadAction\",\"target\":[\"https:\/\/www.sysbee.net\/hr\/novosti\/lets-grow-konferencija\/\"]}]},{\"@type\":\"ImageObject\",\"inLanguage\":\"hr\",\"@id\":\"https:\/\/www.sysbee.net\/hr\/novosti\/lets-grow-konferencija\/#primaryimage\",\"url\":\"https:\/\/www.sysbee.net\/hr\/wp-content\/uploads\/sites\/3\/2023\/06\/image-1-scaled.jpg\",\"contentUrl\":\"https:\/\/www.sysbee.net\/hr\/wp-content\/uploads\/sites\/3\/2023\/06\/image-1-scaled.jpg\",\"width\":2560,\"height\":1142,\"caption\":\"Let's Grow!\"},{\"@type\":\"BreadcrumbList\",\"@id\":\"https:\/\/www.sysbee.net\/hr\/novosti\/lets-grow-konferencija\/#breadcrumb\",\"itemListElement\":[{\"@type\":\"ListItem\",\"position\":1,\"name\":\"Home\",\"item\":\"https:\/\/www.sysbee.net\/hr\/\"},{\"@type\":\"ListItem\",\"position\":2,\"name\":\"Let&#8217;s Grow! konferencija\"}]},{\"@type\":\"WebSite\",\"@id\":\"https:\/\/www.sysbee.net\/hr\/#website\",\"url\":\"https:\/\/www.sysbee.net\/hr\/\",\"name\":\"Sysbee - HR\",\"description\":\"Sysbee - HR\",\"potentialAction\":[{\"@type\":\"SearchAction\",\"target\":{\"@type\":\"EntryPoint\",\"urlTemplate\":\"https:\/\/www.sysbee.net\/hr\/?s={search_term_string}\"},\"query-input\":\"required name=search_term_string\"}],\"inLanguage\":\"hr\"},{\"@type\":\"Person\",\"@id\":\"https:\/\/www.sysbee.net\/hr\/#\/schema\/person\/ba8ded65c9c7d65ab102bc9597505305\",\"name\":\"Natali Vla\u010di\u0107\",\"image\":{\"@type\":\"ImageObject\",\"inLanguage\":\"hr\",\"@id\":\"https:\/\/www.sysbee.net\/hr\/#\/schema\/person\/image\/\",\"url\":\"https:\/\/secure.gravatar.com\/avatar\/94bfde4d4055b82d1604541d4f940e95?s=96&d=mm&r=g\",\"contentUrl\":\"https:\/\/secure.gravatar.com\/avatar\/94bfde4d4055b82d1604541d4f940e95?s=96&d=mm&r=g\",\"caption\":\"Natali Vla\u010di\u0107\"},\"description\":\"Natali is responsible for marketing activities in Sysbee - managing daily marketing tasks like creating visuals and writing content for blogs, newsletters, case studies, website, and social media. She also plans, analyzes, and manages various paid and non-paid marketing campaigns to ensure effective communication across all channels.\",\"url\":\"https:\/\/www.sysbee.net\/hr\/author\/natali\/\"}]}<\/script>\n<!-- \/ Yoast SEO plugin. -->","yoast_head_json":{"title":"Let's Grow! konferencija - Sysbee - HR","description":"Let\u2019s Grow! konferencija - najve\u0107a ICT konferencija na podru\u010dju Istre u organizaciji neprofitne udruge ICT Istra.","robots":{"index":"index","follow":"follow","max-snippet":"max-snippet:-1","max-image-preview":"max-image-preview:large","max-video-preview":"max-video-preview:-1"},"canonical":"https:\/\/www.sysbee.net\/hr\/novosti\/lets-grow-konferencija\/","og_locale":"hr_HR","og_type":"article","og_title":"Let's Grow! konferencija - Sysbee - HR","og_description":"Let\u2019s Grow! konferencija - najve\u0107a ICT konferencija na podru\u010dju Istre u organizaciji neprofitne udruge ICT Istra.","og_url":"https:\/\/www.sysbee.net\/hr\/novosti\/lets-grow-konferencija\/","og_site_name":"Sysbee - HR","article_published_time":"2023-06-09T07:40:38+00:00","article_modified_time":"2023-06-09T07:43:51+00:00","og_image":[{"width":2560,"height":1142,"url":"https:\/\/cdn-web.sysbee.net\/hr\/wp-content\/uploads\/sites\/3\/2023\/06\/image-1-scaled.jpg?x70664","type":"image\/jpeg"}],"author":"Natali Vla\u010di\u0107","twitter_card":"summary_large_image","twitter_misc":{"Napisao\/la":"Natali Vla\u010di\u0107","Procijenjeno vrijeme \u010ditanja":"4 minute"},"schema":{"@context":"https:\/\/schema.org","@graph":[{"@type":"WebPage","@id":"https:\/\/www.sysbee.net\/hr\/novosti\/lets-grow-konferencija\/","url":"https:\/\/www.sysbee.net\/hr\/novosti\/lets-grow-konferencija\/","name":"Let's Grow! konferencija - Sysbee - HR","isPartOf":{"@id":"https:\/\/www.sysbee.net\/hr\/#website"},"primaryImageOfPage":{"@id":"https:\/\/www.sysbee.net\/hr\/novosti\/lets-grow-konferencija\/#primaryimage"},"image":{"@id":"https:\/\/www.sysbee.net\/hr\/novosti\/lets-grow-konferencija\/#primaryimage"},"thumbnailUrl":"https:\/\/www.sysbee.net\/hr\/wp-content\/uploads\/sites\/3\/2023\/06\/image-1-scaled.jpg","datePublished":"2023-06-09T07:40:38+00:00","dateModified":"2023-06-09T07:43:51+00:00","author":{"@id":"https:\/\/www.sysbee.net\/hr\/#\/schema\/person\/ba8ded65c9c7d65ab102bc9597505305"},"description":"Let\u2019s Grow! konferencija - najve\u0107a ICT konferencija na podru\u010dju Istre u organizaciji neprofitne udruge ICT Istra.","breadcrumb":{"@id":"https:\/\/www.sysbee.net\/hr\/novosti\/lets-grow-konferencija\/#breadcrumb"},"inLanguage":"hr","potentialAction":[{"@type":"ReadAction","target":["https:\/\/www.sysbee.net\/hr\/novosti\/lets-grow-konferencija\/"]}]},{"@type":"ImageObject","inLanguage":"hr","@id":"https:\/\/www.sysbee.net\/hr\/novosti\/lets-grow-konferencija\/#primaryimage","url":"https:\/\/www.sysbee.net\/hr\/wp-content\/uploads\/sites\/3\/2023\/06\/image-1-scaled.jpg","contentUrl":"https:\/\/www.sysbee.net\/hr\/wp-content\/uploads\/sites\/3\/2023\/06\/image-1-scaled.jpg","width":2560,"height":1142,"caption":"Let's Grow!"},{"@type":"BreadcrumbList","@id":"https:\/\/www.sysbee.net\/hr\/novosti\/lets-grow-konferencija\/#breadcrumb","itemListElement":[{"@type":"ListItem","position":1,"name":"Home","item":"https:\/\/www.sysbee.net\/hr\/"},{"@type":"ListItem","position":2,"name":"Let&#8217;s Grow! konferencija"}]},{"@type":"WebSite","@id":"https:\/\/www.sysbee.net\/hr\/#website","url":"https:\/\/www.sysbee.net\/hr\/","name":"Sysbee - HR","description":"Sysbee - HR","potentialAction":[{"@type":"SearchAction","target":{"@type":"EntryPoint","urlTemplate":"https:\/\/www.sysbee.net\/hr\/?s={search_term_string}"},"query-input":"required name=search_term_string"}],"inLanguage":"hr"},{"@type":"Person","@id":"https:\/\/www.sysbee.net\/hr\/#\/schema\/person\/ba8ded65c9c7d65ab102bc9597505305","name":"Natali Vla\u010di\u0107","image":{"@type":"ImageObject","inLanguage":"hr","@id":"https:\/\/www.sysbee.net\/hr\/#\/schema\/person\/image\/","url":"https:\/\/secure.gravatar.com\/avatar\/94bfde4d4055b82d1604541d4f940e95?s=96&d=mm&r=g","contentUrl":"https:\/\/secure.gravatar.com\/avatar\/94bfde4d4055b82d1604541d4f940e95?s=96&d=mm&r=g","caption":"Natali Vla\u010di\u0107"},"description":"Natali is responsible for marketing activities in Sysbee - managing daily marketing tasks like creating visuals and writing content for blogs, newsletters, case studies, website, and social media. She also plans, analyzes, and manages various paid and non-paid marketing campaigns to ensure effective communication across all channels.","url":"https:\/\/www.sysbee.net\/hr\/author\/natali\/"}]}},"featured_image_src":{"landsacpe":["https:\/\/www.sysbee.net\/hr\/wp-content\/uploads\/sites\/3\/2023\/06\/image-1-1140x445.jpg",1140,445,true],"list":["https:\/\/www.sysbee.net\/hr\/wp-content\/uploads\/sites\/3\/2023\/06\/image-1-463x348.jpg",463,348,true],"medium":["https:\/\/www.sysbee.net\/hr\/wp-content\/uploads\/sites\/3\/2023\/06\/image-1-300x134.jpg",300,134,true],"full":["https:\/\/www.sysbee.net\/hr\/wp-content\/uploads\/sites\/3\/2023\/06\/image-1-scaled.jpg",2560,1142,false]},"_links":{"self":[{"href":"https:\/\/www.sysbee.net\/hr\/wp-json\/wp\/v2\/posts\/9071"}],"collection":[{"href":"https:\/\/www.sysbee.net\/hr\/wp-json\/wp\/v2\/posts"}],"about":[{"href":"https:\/\/www.sysbee.net\/hr\/wp-json\/wp\/v2\/types\/post"}],"author":[{"embeddable":true,"href":"https:\/\/www.sysbee.net\/hr\/wp-json\/wp\/v2\/users\/11"}],"replies":[{"embeddable":true,"href":"https:\/\/www.sysbee.net\/hr\/wp-json\/wp\/v2\/comments?post=9071"}],"version-history":[{"count":7,"href":"https:\/\/www.sysbee.net\/hr\/wp-json\/wp\/v2\/posts\/9071\/revisions"}],"predecessor-version":[{"id":9090,"href":"https:\/\/www.sysbee.net\/hr\/wp-json\/wp\/v2\/posts\/9071\/revisions\/9090"}],"wp:featuredmedia":[{"embeddable":true,"href":"https:\/\/www.sysbee.net\/hr\/wp-json\/wp\/v2\/media\/9076"}],"wp:attachment":[{"href":"https:\/\/www.sysbee.net\/hr\/wp-json\/wp\/v2\/media?parent=9071"}],"wp:term":[{"taxonomy":"category","embeddable":true,"href":"https:\/\/www.sysbee.net\/hr\/wp-json\/wp\/v2\/categories?post=9071"},{"taxonomy":"post_tag","embeddable":true,"href":"https:\/\/www.sysbee.net\/hr\/wp-json\/wp\/v2\/tags?post=9071"}],"curies":[{"name":"wp","href":"https:\/\/api.w.org\/{rel}","templated":true}]}}