{"id":9003,"date":"2022-10-11T10:51:24","date_gmt":"2022-10-11T08:51:24","guid":{"rendered":"https:\/\/www.sysbee.net\/hr\/?p=9003"},"modified":"2022-10-11T11:08:22","modified_gmt":"2022-10-11T09:08:22","slug":"digital-labin-konferencija-2022","status":"publish","type":"post","link":"https:\/\/www.sysbee.net\/hr\/conferences\/digital-labin-konferencija-2022\/","title":{"rendered":"Digital Labin konferencija 2022."},"content":{"rendered":"<div class=\"wpb-content-wrapper\"><p>[vc_row][vc_column][vc_column_text]<span style=\"font-size: 19px\">U Istri, u malom srednjovjekovnom gradi\u0107u Labin, 23. i 24.09.2022. odr\u017eala se konferencija <a href=\"https:\/\/digital-labin.com\/\" target=\"_blank\" rel=\"noopener\">Digital Labin<\/a> u organizaciji labinske IT tvrtke <a href=\"https:\/\/lloyds-digital.com\/\" target=\"_blank\" rel=\"noopener\">Lloyds Digital<\/a>. Mogli smo u\u017eivati u nekoliko workshopova i predavanja te dru\u017eenja s kolegama uz craft pive i fine istarske delicije. <\/span>[\/vc_column_text][\/vc_column][\/vc_row][vc_row][vc_column][vc_column_text]<span style=\"font-size: 16px\">Workshops day je bio odli\u010dan, ali prava zabava kre\u0107e sljede\u0107i dan, na Speakers day. Nakon sve\u010danog otvaranja konferencije <a href=\"https:\/\/domagoj-ostovic.from.hr\/\" target=\"_blank\" rel=\"noopener\">Domagoja Ostovi\u0107a<\/a> (CEO\/Founder of Lloyds digital), konferencija se dijeli na dva pozornice, Design and UX u Hangar Arena uz doma\u0107ina <a href=\"https:\/\/www.facebook.com\/ivasulentich\" target=\"_blank\" rel=\"noopener\">Ivu S\u030culentic\u0301<\/a> i Development and Data u Mine Hall uz doma\u0107ina <a href=\"https:\/\/www.facebook.com\/ivan.saric\" target=\"_blank\" rel=\"noopener\">Ivana \u0160ari\u0107a<\/a>. Naravno, ne smijemo zaboraviti ni fantasti\u010dne predava\u010de kao i paneliste na kraju konferencije.<\/span>[\/vc_column_text][\/vc_column][\/vc_row][vc_row][vc_column]<div class=\"porto-u-heading  wpb_custom_95aa9a11c17ad45cfabaf210d84ee7cc porto-u-9171\"><div class=\"porto-u-main-heading\"><h2  >Design and UX @ Hangar Arena - Speakers day na konferenciji Digital Labin<\/h2><\/div><style>.porto-u-9171.porto-u-heading{text-align:left}<\/style><\/div>[\/vc_column][\/vc_row][vc_row][vc_column][vc_column_text]<span style=\"font-size: 16px\"><span style=\"font-weight: 400\">S predavanjima zapo\u010dinje <\/span><a href=\"http:\/\/cargocollective.com\/iampelle\/About-I-AM-PELLE\" target=\"_blank\" rel=\"noopener\">Pelle Martin<\/a><span style=\"font-weight: 400\"> (CEO, Founder and Creative Director of Spring\/Summer) pri\u010daju\u0107i o va\u017enosti o\u010diju promatra\u010da svakog pojedinca i kako oni koriste sve prednosti takvih razli\u010ditosti u svojem poduze\u0107u. A me\u0111u ostalim predava\u010dima su i:<\/span><\/span><\/p>\n<p><span style=\"font-size: 16px\"><a href=\"https:\/\/www.linkedin.com\/in\/vanjabertalan\/\" target=\"_blank\" rel=\"noopener\">Vanja Bertalan<\/a><span style=\"font-weight: 400\"> (CEO at Human) razmatra Stopu promjene i brzina svjetlosti. Kroz predavanje podi\u017ee svijest o velikoj brzini razvitka tehnologije dok mi toga uglavnom nismo svjesni. Pri\u010da o sljede\u0107oj generaciji korisnika, \u0161to mo\u017eemo o\u010dekivati i kako reagirati na promjene.<\/span><\/span><\/p>\n<p><span style=\"font-size: 16px\"><a href=\"https:\/\/dribbble.com\/elenacrnkovic\" target=\"_blank\" rel=\"noopener\">Elena Crnkovi\u0107<\/a><span style=\"font-weight: 400\"> (Product Design Director at Bornfight) smatra kako je dizajn vrlo va\u017ean za postizanje poslovnih vrijednosti. Obja\u0161njava kako dizajn mo\u017ee utjecati na poslovne ciljeve i kako unaprijediti razinu zrelosti dizajna u organizaciji.<\/span><\/span>[\/vc_column_text][\/vc_column][\/vc_row][vc_row][vc_column]<div id=\"porto-carousel-10164708969f0cff1c6211\" class=\"porto-carousel-wrapper\" data-gutter=\"15\" data-rtl=\"false\" ><div class=\"porto-ultimate-carousel porto-carousel-139458032869f0cff1c61e8 \" >[vc_single_image image=&#8221;9005&#8243; img_size=&#8221;826&#215;460&#8243;][vc_single_image image=&#8221;9006&#8243; img_size=&#8221;826&#215;460&#8243;][vc_single_image image=&#8221;9007&#8243; img_size=&#8221;826&#215;460&#8243;][vc_single_image image=&#8221;9008&#8243; img_size=&#8221;826&#215;460&#8243;][vc_single_image image=&#8221;9009&#8243; img_size=&#8221;826&#215;460&#8243;][vc_single_image image=&#8221;9010&#8243; img_size=&#8221;826&#215;460&#8243;][vc_single_image image=&#8221;9011&#8243; img_size=&#8221;826&#215;460&#8243;][vc_single_image image=&#8221;9012&#8243; img_size=&#8221;826&#215;460&#8243;][vc_single_image image=&#8221;9013&#8243; img_size=&#8221;826&#215;460&#8243;][vc_single_image image=&#8221;9014&#8243; img_size=&#8221;826&#215;460&#8243;][vc_single_image image=&#8221;9015&#8243; img_size=&#8221;826&#215;460&#8243;]<\/div><\/div><script>\r\n\t(function(){\r\n\t\tvar porto_inc_slick_js = function() {\r\n\t\t\t( function( $ ) {\r\n\t\t\t\tif ( $.fn.slick ) {\r\n\t\t\t\t\t$('.porto-carousel-139458032869f0cff1c61e8').slick({dots: true,autoplay: true,autoplaySpeed: 3000,speed: 300,infinite: true,arrows: true,nextArrow: '<button type=\"button\" role=\"button\" aria-label=\"Next\" style=\"color:#333333; font-size:20px;\" class=\"slick-next default\"><i class=\"fas fa-chevron-right\"><\/i><\/button>',prevArrow: '<button type=\"button\" role=\"button\" aria-label=\"Previous\" style=\"color:#333333; font-size:20px;\" class=\"slick-prev default\"><i class=\"fas fa-chevron-left\"><\/i><\/button>',slidesToScroll:1,slidesToShow:1,swipe: true,draggable: true,touchMove: true,pauseOnHover: true,responsive: [\r\n\t\t\t\t{\r\n\t\t\t\t  breakpoint: 1025,\r\n\t\t\t\t  settings: {\r\n\t\t\t\t\tslidesToShow: 1,\r\n\t\t\t\t\tslidesToScroll: 1,  \r\n\t\t\t\t  }\r\n\t\t\t\t},\r\n\t\t\t\t{\r\n\t\t\t\t  breakpoint: 769,\r\n\t\t\t\t  settings: {\r\n\t\t\t\t\tslidesToShow: 3,\r\n\t\t\t\t\tslidesToScroll: 3\r\n\t\t\t\t  }\r\n\t\t\t\t},\r\n\t\t\t\t{\r\n\t\t\t\t  breakpoint: 481,\r\n\t\t\t\t  settings: {\r\n\t\t\t\t\tslidesToShow: 1,\r\n\t\t\t\t\tslidesToScroll: 1\r\n\t\t\t\t  }\r\n\t\t\t\t}\r\n\t\t\t],pauseOnDotsHover: true,customPaging: function(slider, i) {\r\n\t   return '<i type=\"button\" style=\"color:#333333;\" class=\"far fa-circle\" data-role=\"none\"><\/i>';\r\n\t},});\r\n\t\t\t\t} else {\r\n\t\t\t\t\t\t\t\t}\r\n\t\t\t} )( jQuery );\r\n\t\t};\r\n\r\n\t\tif ( window.theme && theme.isLoaded ) {\r\n\t\t\tporto_inc_slick_js();\r\n\t\t} else {\r\n\t\t\twindow.addEventListener( 'load', porto_inc_slick_js );\r\n\t\t}\r\n\t})();\r\n<\/script>\r\n[\/vc_column][\/vc_row][vc_row][vc_column]<div class=\"porto-u-heading  wpb_custom_95aa9a11c17ad45cfabaf210d84ee7cc porto-u-3542\"><div class=\"porto-u-main-heading\"><h2  >Dev and Data at Mine Hall - Speakers day na konferenciji Digital Labin<\/h2><\/div><style>.porto-u-3542.porto-u-heading{text-align:left}<\/style><\/div>[\/vc_column][\/vc_row][vc_row][vc_column][vc_column_text]<span style=\"font-size: 16px\"><span style=\"font-weight: 400\">S predavanjem zapo\u010dinje <a href=\"https:\/\/kitze.io\/\" target=\"_blank\" rel=\"noopener\">Kitze <\/a>(Founder of Sizzy) kojeg smo ve\u0107 upoznali na nekoliko konferencija. Naravno i ovog puta imao je zanimljivu temu: But, you\u2019r not Facebook.<\/span> <span style=\"font-weight: 400\">Smatraju\u0107i kako bi trebali prestati rje\u0161avati probleme koji su ve\u0107 rije\u0161eni ili one koje uop\u0107e ne postoje, jer ne radimo za Facebook.\u00a0 A me\u0111u ostalim predava\u010dima bili su i:\u00a0<\/span><\/span><\/p>\n<p><span style=\"font-size: 16px\"><a href=\"https:\/\/productive.io\/author\/ivan-lucin\/\" target=\"_blank\" rel=\"noopener\">Ivan Lu\u010din<\/a><span style=\"font-weight: 400\"> (VP of Engineering at Productive) s predavanjem How we dared to compete with Google? prikazuje najnoviji proizvod tvrtke i probleme s kojima su se susreli u realizaciji istog. Online platforma za suradnju u stvarnom vremenu putem dokumenata \u0161to je izravna konkurencija Google Docs i Jira confluence.\u00a0<\/span><\/span><\/p>\n<p><span style=\"font-weight: 400;font-size: 16px\"><a href=\"https:\/\/www.connect-ai.io\/speakers\/roberto-gobo\/\" target=\"_blank\" rel=\"noopener\">Roberto Gobo<\/a> (Director of digital strategy and technology at Valamar) odr\u017eao je predavanje na temu Why we developed our own real-time data streaming platform (MDP) and slashed integration cost 10x? Objasnio je kako su uspjeli razviti prvo izdanje platforme za strujanje podataka u stvarnom vremenu u 6 mjeseci te kako su uspjeli smanjili tro\u0161kove integracije.<\/span>[\/vc_column_text][\/vc_column][\/vc_row][vc_row][vc_column]<div class=\"porto-u-heading  wpb_custom_95aa9a11c17ad45cfabaf210d84ee7cc porto-u-8049\"><div class=\"porto-u-main-heading\"><h2  >Networking Area na konferenciji Digital Labin<\/h2><\/div><style>.porto-u-8049.porto-u-heading{text-align:left}<\/style><\/div>[\/vc_column][\/vc_row][vc_row][vc_column][vc_column_text]<span style=\"font-size: 16px\"><span style=\"font-weight: 400\">U pauzama izme\u0111u predavanja mogli smo se upoznati s razli\u010ditim brendovima, s njihovim poslovanjem i njihovim pri\u010dama. Me\u0111u njima su <a href=\"https:\/\/infinum.com\/\" target=\"_blank\" rel=\"noopener\">Infinum<\/a>, <a href=\"https:\/\/www.roango.com\/en\/\" target=\"_blank\" rel=\"noopener\">Roango<\/a>, <a href=\"https:\/\/www.barrage.net\/\" target=\"_blank\" rel=\"noopener\">Barrage<\/a> i <a href=\"https:\/\/www.kiwi.com\/\" target=\"_blank\" rel=\"noopener\">Kiwi.com<\/a>. Tako\u0111er, popri\u010dali smo s kolegama iz <a href=\"https:\/\/prototyp.digital\/\" target=\"_blank\" rel=\"noopener\">Prototyp<\/a>, <a href=\"https:\/\/www.bornfight.com\/\" target=\"_blank\" rel=\"noopener\">Bornfight<\/a>, <a href=\"https:\/\/www.humaninteraction.com\/\" target=\"_blank\" rel=\"noopener\">Human<\/a>,..<br \/>\n<\/span><span style=\"font-weight: 400\">Probali smo Labinsko Craft pivo <a href=\"https:\/\/www.labona.hr\/\" target=\"_blank\" rel=\"noopener\">Labona<\/a>, koktele destilerije <a href=\"https:\/\/www.aura.hr\/en\/\" target=\"_blank\" rel=\"noopener\">Aura<\/a> i jeli fine istarske delicije.<\/span><\/span>[\/vc_column_text][\/vc_column][\/vc_row][vc_row][vc_column]<div id=\"porto-carousel-57950654769f0cff1c629b\" class=\"porto-carousel-wrapper\" data-gutter=\"15\" data-rtl=\"false\" ><div class=\"porto-ultimate-carousel porto-carousel-125583919669f0cff1c628c \" >[vc_single_image image=&#8221;9019&#8243; img_size=&#8221;826&#215;460&#8243;][vc_single_image image=&#8221;9020&#8243; img_size=&#8221;826&#215;460&#8243;][vc_single_image image=&#8221;9024&#8243; img_size=&#8221;826&#215;460&#8243;][vc_single_image image=&#8221;9022&#8243; img_size=&#8221;826&#215;460&#8243;][vc_single_image image=&#8221;9021&#8243; img_size=&#8221;826&#215;460&#8243;][vc_single_image image=&#8221;9026&#8243; img_size=&#8221;826&#215;460&#8243;][vc_single_image image=&#8221;9018&#8243; img_size=&#8221;826&#215;460&#8243;][vc_single_image image=&#8221;9017&#8243; img_size=&#8221;826&#215;460&#8243;][vc_single_image image=&#8221;9023&#8243; img_size=&#8221;826&#215;460&#8243;][vc_single_image image=&#8221;9027&#8243; img_size=&#8221;826&#215;460&#8243;][vc_single_image image=&#8221;9028&#8243; img_size=&#8221;826&#215;460&#8243;][vc_single_image image=&#8221;9029&#8243; img_size=&#8221;826&#215;460&#8243;]<\/div><\/div><script>\r\n\t(function(){\r\n\t\tvar porto_inc_slick_js = function() {\r\n\t\t\t( function( $ ) {\r\n\t\t\t\tif ( $.fn.slick ) {\r\n\t\t\t\t\t$('.porto-carousel-125583919669f0cff1c628c').slick({dots: true,autoplay: true,autoplaySpeed: 3000,speed: 300,infinite: true,arrows: true,nextArrow: '<button type=\"button\" role=\"button\" aria-label=\"Next\" style=\"color:#333333; font-size:20px;\" class=\"slick-next default\"><i class=\"fas fa-chevron-right\"><\/i><\/button>',prevArrow: '<button type=\"button\" role=\"button\" aria-label=\"Previous\" style=\"color:#333333; font-size:20px;\" class=\"slick-prev default\"><i class=\"fas fa-chevron-left\"><\/i><\/button>',slidesToScroll:1,slidesToShow:1,swipe: true,draggable: true,touchMove: true,pauseOnHover: true,responsive: [\r\n\t\t\t\t{\r\n\t\t\t\t  breakpoint: 1025,\r\n\t\t\t\t  settings: {\r\n\t\t\t\t\tslidesToShow: 1,\r\n\t\t\t\t\tslidesToScroll: 1,  \r\n\t\t\t\t  }\r\n\t\t\t\t},\r\n\t\t\t\t{\r\n\t\t\t\t  breakpoint: 769,\r\n\t\t\t\t  settings: {\r\n\t\t\t\t\tslidesToShow: 3,\r\n\t\t\t\t\tslidesToScroll: 3\r\n\t\t\t\t  }\r\n\t\t\t\t},\r\n\t\t\t\t{\r\n\t\t\t\t  breakpoint: 481,\r\n\t\t\t\t  settings: {\r\n\t\t\t\t\tslidesToShow: 1,\r\n\t\t\t\t\tslidesToScroll: 1\r\n\t\t\t\t  }\r\n\t\t\t\t}\r\n\t\t\t],pauseOnDotsHover: true,customPaging: function(slider, i) {\r\n\t   return '<i type=\"button\" style=\"color:#333333;\" class=\"far fa-circle\" data-role=\"none\"><\/i>';\r\n\t},});\r\n\t\t\t\t} else {\r\n\t\t\t\t\t\t\t\t}\r\n\t\t\t} )( jQuery );\r\n\t\t};\r\n\r\n\t\tif ( window.theme && theme.isLoaded ) {\r\n\t\t\tporto_inc_slick_js();\r\n\t\t} else {\r\n\t\t\twindow.addEventListener( 'load', porto_inc_slick_js );\r\n\t\t}\r\n\t})();\r\n<\/script>\r\n[\/vc_column][\/vc_row][vc_row][vc_column][vc_column_text]<span style=\"font-size: 16px\">U\u010denje, razmjena iskustava s kolegama iz IT bran\u0161e, stvaranja novih poznanstava kao i poslovnih veza, dru\u017eenje, u\u017eivanje i zabava. Sve to dobili smo na Digital Labin konferenciji.<\/span>[\/vc_column_text][\/vc_column][\/vc_row][vc_row][vc_column][vc_column_text]<span style=\"font-size: 16px\">Vidimo se sljede\u0107e godine! ?<\/span>[\/vc_column_text][\/vc_column][\/vc_row][vc_row][vc_column][vc_column_text]<span style=\"font-weight: 400;font-size: 16px\">Kako su pro\u0161le ovogodi\u0161nje konferencije ali i druge zanimljivosti mo\u017eete pogledati na na\u0161em <a href=\"https:\/\/www.sysbee.net\/blog\/sysbee-blog\/\" target=\"_blank\" rel=\"noopener\">blogu<\/a>.\u00a0<\/span><span style=\"font-weight: 400\"><br \/>\n<\/span>[\/vc_column_text][\/vc_column][\/vc_row]<\/p>\n<\/div>","protected":false},"excerpt":{"rendered":"<p>[vc_row][vc_column][vc_column_text]U Istri, u malom srednjovjekovnom gradi\u0107u Labin, 23. i 24.09.2022. odr\u017eala se konferencija Digital Labin u organizaciji labinske IT tvrtke Lloyds Digital. Mogli smo u\u017eivati u nekoliko workshopova i predavanja te dru\u017eenja s kolegama uz craft pive i fine istarske delicije. [\/vc_column_text][\/vc_column][\/vc_row][vc_row][vc_column][vc_column_text]Workshops day je bio odli\u010dan, ali prava zabava kre\u0107e sljede\u0107i dan, na Speakers day. [&hellip;]<\/p>\n","protected":false},"author":11,"featured_media":9033,"comment_status":"open","ping_status":"open","sticky":false,"template":"","format":"standard","meta":{"inline_featured_image":false,"footnotes":""},"categories":[2,173,6],"tags":[],"yoast_head":"<!-- This site is optimized with the Yoast SEO plugin v22.4 - https:\/\/yoast.com\/wordpress\/plugins\/seo\/ -->\n<title>Digital Labin konferencija 2022. - Sysbee - HR<\/title>\n<meta name=\"description\" content=\"Konferencija Digital Labin - u\u010denje, razmjena iskustava, stvaranje novih poznanstava i poslovnih veza, dru\u017eenje i zabava.\" \/>\n<meta name=\"robots\" content=\"index, follow, max-snippet:-1, max-image-preview:large, max-video-preview:-1\" \/>\n<link rel=\"canonical\" href=\"https:\/\/www.sysbee.net\/hr\/conferences\/digital-labin-konferencija-2022\/\" \/>\n<meta property=\"og:locale\" content=\"hr_HR\" \/>\n<meta property=\"og:type\" content=\"article\" \/>\n<meta property=\"og:title\" content=\"Digital Labin konferencija 2022. - Sysbee - HR\" \/>\n<meta property=\"og:description\" content=\"Konferencija Digital Labin - u\u010denje, razmjena iskustava, stvaranje novih poznanstava i poslovnih veza, dru\u017eenje i zabava.\" \/>\n<meta property=\"og:url\" content=\"https:\/\/www.sysbee.net\/hr\/conferences\/digital-labin-konferencija-2022\/\" \/>\n<meta property=\"og:site_name\" content=\"Sysbee - HR\" \/>\n<meta property=\"article:published_time\" content=\"2022-10-11T08:51:24+00:00\" \/>\n<meta property=\"article:modified_time\" content=\"2022-10-11T09:08:22+00:00\" \/>\n<meta property=\"og:image\" content=\"https:\/\/cdn-web.sysbee.net\/hr\/wp-content\/uploads\/sites\/3\/2022\/10\/image-7-scaled.jpg?x75745\" \/>\n\t<meta property=\"og:image:width\" content=\"2560\" \/>\n\t<meta property=\"og:image:height\" content=\"1706\" \/>\n\t<meta property=\"og:image:type\" content=\"image\/jpeg\" \/>\n<meta name=\"author\" content=\"Natali Vla\u010di\u0107\" \/>\n<meta name=\"twitter:card\" content=\"summary_large_image\" \/>\n<meta name=\"twitter:label1\" content=\"Napisao\/la\" \/>\n\t<meta name=\"twitter:data1\" content=\"Natali Vla\u010di\u0107\" \/>\n\t<meta name=\"twitter:label2\" content=\"Procijenjeno vrijeme \u010ditanja\" \/>\n\t<meta name=\"twitter:data2\" content=\"4 minute\" \/>\n<script type=\"application\/ld+json\" class=\"yoast-schema-graph\">{\"@context\":\"https:\/\/schema.org\",\"@graph\":[{\"@type\":\"WebPage\",\"@id\":\"https:\/\/www.sysbee.net\/hr\/conferences\/digital-labin-konferencija-2022\/\",\"url\":\"https:\/\/www.sysbee.net\/hr\/conferences\/digital-labin-konferencija-2022\/\",\"name\":\"Digital Labin konferencija 2022. - Sysbee - HR\",\"isPartOf\":{\"@id\":\"https:\/\/www.sysbee.net\/hr\/#website\"},\"primaryImageOfPage\":{\"@id\":\"https:\/\/www.sysbee.net\/hr\/conferences\/digital-labin-konferencija-2022\/#primaryimage\"},\"image\":{\"@id\":\"https:\/\/www.sysbee.net\/hr\/conferences\/digital-labin-konferencija-2022\/#primaryimage\"},\"thumbnailUrl\":\"https:\/\/www.sysbee.net\/hr\/wp-content\/uploads\/sites\/3\/2022\/10\/image-7-scaled.jpg\",\"datePublished\":\"2022-10-11T08:51:24+00:00\",\"dateModified\":\"2022-10-11T09:08:22+00:00\",\"author\":{\"@id\":\"https:\/\/www.sysbee.net\/hr\/#\/schema\/person\/ba8ded65c9c7d65ab102bc9597505305\"},\"description\":\"Konferencija Digital Labin - u\u010denje, razmjena iskustava, stvaranje novih poznanstava i poslovnih veza, dru\u017eenje i zabava.\",\"breadcrumb\":{\"@id\":\"https:\/\/www.sysbee.net\/hr\/conferences\/digital-labin-konferencija-2022\/#breadcrumb\"},\"inLanguage\":\"hr\",\"potentialAction\":[{\"@type\":\"ReadAction\",\"target\":[\"https:\/\/www.sysbee.net\/hr\/conferences\/digital-labin-konferencija-2022\/\"]}]},{\"@type\":\"ImageObject\",\"inLanguage\":\"hr\",\"@id\":\"https:\/\/www.sysbee.net\/hr\/conferences\/digital-labin-konferencija-2022\/#primaryimage\",\"url\":\"https:\/\/www.sysbee.net\/hr\/wp-content\/uploads\/sites\/3\/2022\/10\/image-7-scaled.jpg\",\"contentUrl\":\"https:\/\/www.sysbee.net\/hr\/wp-content\/uploads\/sites\/3\/2022\/10\/image-7-scaled.jpg\",\"width\":2560,\"height\":1706,\"caption\":\"Digital Labin conference 2022\"},{\"@type\":\"BreadcrumbList\",\"@id\":\"https:\/\/www.sysbee.net\/hr\/conferences\/digital-labin-konferencija-2022\/#breadcrumb\",\"itemListElement\":[{\"@type\":\"ListItem\",\"position\":1,\"name\":\"Home\",\"item\":\"https:\/\/www.sysbee.net\/hr\/\"},{\"@type\":\"ListItem\",\"position\":2,\"name\":\"Digital Labin konferencija 2022.\"}]},{\"@type\":\"WebSite\",\"@id\":\"https:\/\/www.sysbee.net\/hr\/#website\",\"url\":\"https:\/\/www.sysbee.net\/hr\/\",\"name\":\"Sysbee - HR\",\"description\":\"Sysbee - HR\",\"potentialAction\":[{\"@type\":\"SearchAction\",\"target\":{\"@type\":\"EntryPoint\",\"urlTemplate\":\"https:\/\/www.sysbee.net\/hr\/?s={search_term_string}\"},\"query-input\":\"required name=search_term_string\"}],\"inLanguage\":\"hr\"},{\"@type\":\"Person\",\"@id\":\"https:\/\/www.sysbee.net\/hr\/#\/schema\/person\/ba8ded65c9c7d65ab102bc9597505305\",\"name\":\"Natali Vla\u010di\u0107\",\"image\":{\"@type\":\"ImageObject\",\"inLanguage\":\"hr\",\"@id\":\"https:\/\/www.sysbee.net\/hr\/#\/schema\/person\/image\/\",\"url\":\"https:\/\/secure.gravatar.com\/avatar\/94bfde4d4055b82d1604541d4f940e95?s=96&d=mm&r=g\",\"contentUrl\":\"https:\/\/secure.gravatar.com\/avatar\/94bfde4d4055b82d1604541d4f940e95?s=96&d=mm&r=g\",\"caption\":\"Natali Vla\u010di\u0107\"},\"description\":\"Natali is responsible for marketing activities in Sysbee - managing daily marketing tasks like creating visuals and writing content for blogs, newsletters, case studies, website, and social media. She also plans, analyzes, and manages various paid and non-paid marketing campaigns to ensure effective communication across all channels.\",\"url\":\"https:\/\/www.sysbee.net\/hr\/author\/natali\/\"}]}<\/script>\n<!-- \/ Yoast SEO plugin. -->","yoast_head_json":{"title":"Digital Labin konferencija 2022. - Sysbee - HR","description":"Konferencija Digital Labin - u\u010denje, razmjena iskustava, stvaranje novih poznanstava i poslovnih veza, dru\u017eenje i zabava.","robots":{"index":"index","follow":"follow","max-snippet":"max-snippet:-1","max-image-preview":"max-image-preview:large","max-video-preview":"max-video-preview:-1"},"canonical":"https:\/\/www.sysbee.net\/hr\/conferences\/digital-labin-konferencija-2022\/","og_locale":"hr_HR","og_type":"article","og_title":"Digital Labin konferencija 2022. - Sysbee - HR","og_description":"Konferencija Digital Labin - u\u010denje, razmjena iskustava, stvaranje novih poznanstava i poslovnih veza, dru\u017eenje i zabava.","og_url":"https:\/\/www.sysbee.net\/hr\/conferences\/digital-labin-konferencija-2022\/","og_site_name":"Sysbee - HR","article_published_time":"2022-10-11T08:51:24+00:00","article_modified_time":"2022-10-11T09:08:22+00:00","og_image":[{"width":2560,"height":1706,"url":"https:\/\/cdn-web.sysbee.net\/hr\/wp-content\/uploads\/sites\/3\/2022\/10\/image-7-scaled.jpg?x75745","type":"image\/jpeg"}],"author":"Natali Vla\u010di\u0107","twitter_card":"summary_large_image","twitter_misc":{"Napisao\/la":"Natali Vla\u010di\u0107","Procijenjeno vrijeme \u010ditanja":"4 minute"},"schema":{"@context":"https:\/\/schema.org","@graph":[{"@type":"WebPage","@id":"https:\/\/www.sysbee.net\/hr\/conferences\/digital-labin-konferencija-2022\/","url":"https:\/\/www.sysbee.net\/hr\/conferences\/digital-labin-konferencija-2022\/","name":"Digital Labin konferencija 2022. - Sysbee - HR","isPartOf":{"@id":"https:\/\/www.sysbee.net\/hr\/#website"},"primaryImageOfPage":{"@id":"https:\/\/www.sysbee.net\/hr\/conferences\/digital-labin-konferencija-2022\/#primaryimage"},"image":{"@id":"https:\/\/www.sysbee.net\/hr\/conferences\/digital-labin-konferencija-2022\/#primaryimage"},"thumbnailUrl":"https:\/\/www.sysbee.net\/hr\/wp-content\/uploads\/sites\/3\/2022\/10\/image-7-scaled.jpg","datePublished":"2022-10-11T08:51:24+00:00","dateModified":"2022-10-11T09:08:22+00:00","author":{"@id":"https:\/\/www.sysbee.net\/hr\/#\/schema\/person\/ba8ded65c9c7d65ab102bc9597505305"},"description":"Konferencija Digital Labin - u\u010denje, razmjena iskustava, stvaranje novih poznanstava i poslovnih veza, dru\u017eenje i zabava.","breadcrumb":{"@id":"https:\/\/www.sysbee.net\/hr\/conferences\/digital-labin-konferencija-2022\/#breadcrumb"},"inLanguage":"hr","potentialAction":[{"@type":"ReadAction","target":["https:\/\/www.sysbee.net\/hr\/conferences\/digital-labin-konferencija-2022\/"]}]},{"@type":"ImageObject","inLanguage":"hr","@id":"https:\/\/www.sysbee.net\/hr\/conferences\/digital-labin-konferencija-2022\/#primaryimage","url":"https:\/\/www.sysbee.net\/hr\/wp-content\/uploads\/sites\/3\/2022\/10\/image-7-scaled.jpg","contentUrl":"https:\/\/www.sysbee.net\/hr\/wp-content\/uploads\/sites\/3\/2022\/10\/image-7-scaled.jpg","width":2560,"height":1706,"caption":"Digital Labin conference 2022"},{"@type":"BreadcrumbList","@id":"https:\/\/www.sysbee.net\/hr\/conferences\/digital-labin-konferencija-2022\/#breadcrumb","itemListElement":[{"@type":"ListItem","position":1,"name":"Home","item":"https:\/\/www.sysbee.net\/hr\/"},{"@type":"ListItem","position":2,"name":"Digital Labin konferencija 2022."}]},{"@type":"WebSite","@id":"https:\/\/www.sysbee.net\/hr\/#website","url":"https:\/\/www.sysbee.net\/hr\/","name":"Sysbee - HR","description":"Sysbee - HR","potentialAction":[{"@type":"SearchAction","target":{"@type":"EntryPoint","urlTemplate":"https:\/\/www.sysbee.net\/hr\/?s={search_term_string}"},"query-input":"required name=search_term_string"}],"inLanguage":"hr"},{"@type":"Person","@id":"https:\/\/www.sysbee.net\/hr\/#\/schema\/person\/ba8ded65c9c7d65ab102bc9597505305","name":"Natali Vla\u010di\u0107","image":{"@type":"ImageObject","inLanguage":"hr","@id":"https:\/\/www.sysbee.net\/hr\/#\/schema\/person\/image\/","url":"https:\/\/secure.gravatar.com\/avatar\/94bfde4d4055b82d1604541d4f940e95?s=96&d=mm&r=g","contentUrl":"https:\/\/secure.gravatar.com\/avatar\/94bfde4d4055b82d1604541d4f940e95?s=96&d=mm&r=g","caption":"Natali Vla\u010di\u0107"},"description":"Natali is responsible for marketing activities in Sysbee - managing daily marketing tasks like creating visuals and writing content for blogs, newsletters, case studies, website, and social media. She also plans, analyzes, and manages various paid and non-paid marketing campaigns to ensure effective communication across all channels.","url":"https:\/\/www.sysbee.net\/hr\/author\/natali\/"}]}},"featured_image_src":{"landsacpe":["https:\/\/www.sysbee.net\/hr\/wp-content\/uploads\/sites\/3\/2022\/10\/image-7-1140x445.jpg",1140,445,true],"list":["https:\/\/www.sysbee.net\/hr\/wp-content\/uploads\/sites\/3\/2022\/10\/image-7-463x348.jpg",463,348,true],"medium":["https:\/\/www.sysbee.net\/hr\/wp-content\/uploads\/sites\/3\/2022\/10\/image-7-300x200.jpg",300,200,true],"full":["https:\/\/www.sysbee.net\/hr\/wp-content\/uploads\/sites\/3\/2022\/10\/image-7-scaled.jpg",2560,1706,false]},"_links":{"self":[{"href":"https:\/\/www.sysbee.net\/hr\/wp-json\/wp\/v2\/posts\/9003"}],"collection":[{"href":"https:\/\/www.sysbee.net\/hr\/wp-json\/wp\/v2\/posts"}],"about":[{"href":"https:\/\/www.sysbee.net\/hr\/wp-json\/wp\/v2\/types\/post"}],"author":[{"embeddable":true,"href":"https:\/\/www.sysbee.net\/hr\/wp-json\/wp\/v2\/users\/11"}],"replies":[{"embeddable":true,"href":"https:\/\/www.sysbee.net\/hr\/wp-json\/wp\/v2\/comments?post=9003"}],"version-history":[{"count":7,"href":"https:\/\/www.sysbee.net\/hr\/wp-json\/wp\/v2\/posts\/9003\/revisions"}],"predecessor-version":[{"id":9036,"href":"https:\/\/www.sysbee.net\/hr\/wp-json\/wp\/v2\/posts\/9003\/revisions\/9036"}],"wp:featuredmedia":[{"embeddable":true,"href":"https:\/\/www.sysbee.net\/hr\/wp-json\/wp\/v2\/media\/9033"}],"wp:attachment":[{"href":"https:\/\/www.sysbee.net\/hr\/wp-json\/wp\/v2\/media?parent=9003"}],"wp:term":[{"taxonomy":"category","embeddable":true,"href":"https:\/\/www.sysbee.net\/hr\/wp-json\/wp\/v2\/categories?post=9003"},{"taxonomy":"post_tag","embeddable":true,"href":"https:\/\/www.sysbee.net\/hr\/wp-json\/wp\/v2\/tags?post=9003"}],"curies":[{"name":"wp","href":"https:\/\/api.w.org\/{rel}","templated":true}]}}