{"id":8883,"date":"2022-09-15T12:05:35","date_gmt":"2022-09-15T10:05:35","guid":{"rendered":"https:\/\/www.sysbee.net\/hr\/?p=8883"},"modified":"2022-09-16T10:37:08","modified_gmt":"2022-09-16T08:37:08","slug":"kulendayz-konferencija-2022","status":"publish","type":"post","link":"https:\/\/www.sysbee.net\/hr\/novosti\/kulendayz-konferencija-2022\/","title":{"rendered":"KulenDayz konferencija 2022."},"content":{"rendered":"<div class=\"wpb-content-wrapper\"><p>[vc_row][vc_column][vc_column_text]<span style=\"font-size: 19px\">I ove godine odlu\u010dili smo posjetiti par konferencija. Prva na redu bila nam je konferencija u Osijeku &#8211; <a href=\"https:\/\/kulendayz.com\/\" target=\"_blank\" rel=\"noopener\">KulenDayz<\/a>. Konferencija se odr\u017eala u prekrasnoj baroknoj Tvr\u0111i sagra\u0111enoj u 18.st. Naziv konferencije zapravo nije povezan s kulenom, odnosno, ne radi se o konferenciji gdje lokalni OPG-ovi prodaju kulen, ve\u0107 o IT konferenciji. Iako, naravno, kulena i slavonsko-baranjske hrane nije nedostajalo.<\/span>[\/vc_column_text][\/vc_column][\/vc_row][vc_row][vc_column]<div class=\"porto-u-heading  wpb_custom_95aa9a11c17ad45cfabaf210d84ee7cc porto-u-4897\"><div class=\"porto-u-main-heading\"><h2  >Dan 1. konferencije KulenDayz - prijave i upoznavanje<\/h2><\/div><style>.porto-u-4897.porto-u-heading{text-align:left}<\/style><\/div>[\/vc_column][\/vc_row][vc_row][vc_column][vc_column_text]<span style=\"font-size: 16px\">Kao i <a href=\"https:\/\/www.sysbee.net\/blog\/september-conferences\/\" target=\"_blank\" rel=\"noopener\">pro\u0161le godine<\/a>, odu\u0161evila nas je organizacija i opu\u0161tena atmosfera konferencije KulenDayz.<\/span><br \/>\n<span style=\"font-size: 16px\">Prvi dan konferencije, 02.09. bio je organiziran za prijave na KulenDayz, upoznavanje i radionice. Mi smo se upustili malo u upoznavanje i razgledavanje grada Osijeka i barokne Tvr\u0111e. Nakon razgledavanja, slijedi ve\u010dera s kolegama iz IT sektora.<\/span>[\/vc_column_text][\/vc_column][\/vc_row][vc_row][vc_column]<div id=\"porto-carousel-175293245169f0ce5a8439b\" class=\"porto-carousel-wrapper\" data-gutter=\"15\" data-rtl=\"false\" ><div class=\"porto-ultimate-carousel porto-carousel-179349362569f0ce5a8437e \" >[vc_single_image image=&#8221;8927&#8243; img_size=&#8221;826&#215;460&#8243;][vc_single_image image=&#8221;8926&#8243; img_size=&#8221;826&#215;460&#8243;][vc_single_image image=&#8221;8928&#8243; img_size=&#8221;826&#215;460&#8243;][vc_single_image image=&#8221;8946&#8243; img_size=&#8221;826&#215;460&#8243;][vc_single_image image=&#8221;8923&#8243; img_size=&#8221;826&#215;460&#8243;][vc_single_image image=&#8221;8891&#8243; img_size=&#8221;826&#215;460&#8243;]<\/div><\/div><script>\r\n\t(function(){\r\n\t\tvar porto_inc_slick_js = function() {\r\n\t\t\t( function( $ ) {\r\n\t\t\t\tif ( $.fn.slick ) {\r\n\t\t\t\t\t$('.porto-carousel-179349362569f0ce5a8437e').slick({dots: true,autoplay: true,autoplaySpeed: 3000,speed: 300,infinite: true,arrows: true,nextArrow: '<button type=\"button\" role=\"button\" aria-label=\"Next\" style=\"color:#333333; font-size:20px;\" class=\"slick-next default\"><i class=\"fas fa-chevron-right\"><\/i><\/button>',prevArrow: '<button type=\"button\" role=\"button\" aria-label=\"Previous\" style=\"color:#333333; font-size:20px;\" class=\"slick-prev default\"><i class=\"fas fa-chevron-left\"><\/i><\/button>',slidesToScroll:1,slidesToShow:1,swipe: true,draggable: true,touchMove: true,pauseOnHover: true,responsive: [\r\n\t\t\t\t{\r\n\t\t\t\t  breakpoint: 1025,\r\n\t\t\t\t  settings: {\r\n\t\t\t\t\tslidesToShow: 1,\r\n\t\t\t\t\tslidesToScroll: 1,  \r\n\t\t\t\t  }\r\n\t\t\t\t},\r\n\t\t\t\t{\r\n\t\t\t\t  breakpoint: 769,\r\n\t\t\t\t  settings: {\r\n\t\t\t\t\tslidesToShow: 3,\r\n\t\t\t\t\tslidesToScroll: 3\r\n\t\t\t\t  }\r\n\t\t\t\t},\r\n\t\t\t\t{\r\n\t\t\t\t  breakpoint: 481,\r\n\t\t\t\t  settings: {\r\n\t\t\t\t\tslidesToShow: 1,\r\n\t\t\t\t\tslidesToScroll: 1\r\n\t\t\t\t  }\r\n\t\t\t\t}\r\n\t\t\t],pauseOnDotsHover: true,customPaging: function(slider, i) {\r\n\t   return '<i type=\"button\" style=\"color:#333333;\" class=\"far fa-circle\" data-role=\"none\"><\/i>';\r\n\t},});\r\n\t\t\t\t} else {\r\n\t\t\t\t\t\t\t\t}\r\n\t\t\t} )( jQuery );\r\n\t\t};\r\n\r\n\t\tif ( window.theme && theme.isLoaded ) {\r\n\t\t\tporto_inc_slick_js();\r\n\t\t} else {\r\n\t\t\twindow.addEventListener( 'load', porto_inc_slick_js );\r\n\t\t}\r\n\t})();\r\n<\/script>\r\n[\/vc_column][\/vc_row][vc_row][vc_column]<div class=\"porto-u-heading  wpb_custom_95aa9a11c17ad45cfabaf210d84ee7cc porto-u-6528\"><div class=\"porto-u-main-heading\"><h2  >Dan 2. konferencije KulenDayz - glavni dan konferencije<\/h2><\/div><style>.porto-u-6528.porto-u-heading{text-align:left}<\/style><\/div>[\/vc_column][\/vc_row][vc_row][vc_column][vc_column_text]<span style=\"font-size: 16px\">Na rasporedu su bila zanimljiva i korisna predavanja no zbog preklapanja satnica po\u010detka predavanja, nismo uspjeli poslu\u0161ati bas sve. Poslu\u0161ali smo one koje bi za nas bili najkorisniji, primjerice predavanja o projektnom managementu, Dev, Cloud, Artificial Intelligence,.. izvrsnih predava\u010da poput <a href=\"https:\/\/projektura.org\/author\/ratkomutavdzic\/\" target=\"_blank\" rel=\"noopener\">Ratko Mutavd\u017ei\u0107<\/a> (Projektura), Goran Mrvo\u0161 (<a href=\"https:\/\/www.infosit.com\/\" target=\"_blank\" rel=\"noopener\">Infosit<\/a>), Tomislav Tipuri\u0107 (<a href=\"https:\/\/nephos.eu\/\" target=\"_blank\" rel=\"noopener\">Nephos<\/a>), Tomislav Bronzin (<a href=\"https:\/\/citus.hr\/\" target=\"_blank\" rel=\"noopener\">Citus<\/a>), <a href=\"https:\/\/domagoj.eu\/\" target=\"_blank\" rel=\"noopener\">Domagoj Pavle\u0161i\u0107<\/a>\u00a0 i mnogi drugi. Predava\u010di nisu bili samo iz Hrvatske, stoga smo mogli pro\u0161iriti svoje znanje i vidjeti kako rade druge strane firme. KulenDayz nam je omogu\u0107io i dru\u017eenje s kolegama iz IT bran\u0161e nakon mjeseci samo tipkanja. U kratkim pauzama izme\u0111u predavanja uspjeli smo razmijeniti mi\u0161ljenja, iskustva i savjete s kolegama drugih IT firmi.<\/span>[\/vc_column_text][\/vc_column][\/vc_row][vc_row][vc_column][vc_column_text]<span style=\"font-size: 16px\">Za ve\u010deru, bio je fini slavonski \u010dobanac iako su ga neki smatrali malo preljutim, pa \u010dak i onaj blagi. Probali smo i Osje\u010dko craft pivo i Osje\u010dku rakiju.. pa zapravo nekoliko njih.. Za vrijeme ve\u010dere, odvijalo se i natjecanje u jedenju ljutih papri\u010dica. Moramo priznati da su i nama zasuzile o\u010di od ljutine papri\u010dica. Ali samo \u0107emo re\u0107i, bravo de\u010dkima koji su sudjelovali.<\/span><br \/>\n<span style=\"font-size: 16px\">Na povratku u hotel, odlu\u010dili smo poslu\u0161ati divan orkestar <a href=\"https:\/\/www.pfz.hu\/en\/koncert\/1636\/dancing-queen\" target=\"_blank\" rel=\"noopener\">Panonske Filharmonije<\/a>.<\/span>[\/vc_column_text][\/vc_column][\/vc_row][vc_row][vc_column]<div id=\"porto-carousel-22670618869f0ce5a84406\" class=\"porto-carousel-wrapper\" data-gutter=\"15\" data-rtl=\"false\" ><div class=\"porto-ultimate-carousel porto-carousel-201845568569f0ce5a843f8 \" >[vc_single_image image=&#8221;8941&#8243; img_size=&#8221;826&#215;460&#8243;][vc_single_image image=&#8221;8934&#8243; img_size=&#8221;826&#215;460&#8243;][vc_single_image image=&#8221;8933&#8243; img_size=&#8221;826&#215;460&#8243;][vc_single_image image=&#8221;8942&#8243; img_size=&#8221;826&#215;460&#8243;][vc_single_image image=&#8221;8935&#8243; img_size=&#8221;826&#215;460&#8243;][vc_single_image image=&#8221;8936&#8243; img_size=&#8221;826&#215;460&#8243;][vc_single_image image=&#8221;8937&#8243; img_size=&#8221;826&#215;460&#8243;][vc_single_image image=&#8221;8938&#8243; img_size=&#8221;826&#215;460&#8243;][vc_single_image image=&#8221;8939&#8243; img_size=&#8221;826&#215;460&#8243;][vc_single_image image=&#8221;8943&#8243; img_size=&#8221;826&#215;460&#8243;][vc_single_image image=&#8221;8940&#8243; img_size=&#8221;826&#215;460&#8243;]<\/div><\/div><script>\r\n\t(function(){\r\n\t\tvar porto_inc_slick_js = function() {\r\n\t\t\t( function( $ ) {\r\n\t\t\t\tif ( $.fn.slick ) {\r\n\t\t\t\t\t$('.porto-carousel-201845568569f0ce5a843f8').slick({dots: true,autoplay: true,autoplaySpeed: 3000,speed: 300,infinite: true,arrows: true,nextArrow: '<button type=\"button\" role=\"button\" aria-label=\"Next\" style=\"color:#333333; font-size:20px;\" class=\"slick-next default\"><i class=\"fas fa-chevron-right\"><\/i><\/button>',prevArrow: '<button type=\"button\" role=\"button\" aria-label=\"Previous\" style=\"color:#333333; font-size:20px;\" class=\"slick-prev default\"><i class=\"fas fa-chevron-left\"><\/i><\/button>',slidesToScroll:1,slidesToShow:1,swipe: true,draggable: true,touchMove: true,pauseOnHover: true,responsive: [\r\n\t\t\t\t{\r\n\t\t\t\t  breakpoint: 1025,\r\n\t\t\t\t  settings: {\r\n\t\t\t\t\tslidesToShow: 1,\r\n\t\t\t\t\tslidesToScroll: 1,  \r\n\t\t\t\t  }\r\n\t\t\t\t},\r\n\t\t\t\t{\r\n\t\t\t\t  breakpoint: 769,\r\n\t\t\t\t  settings: {\r\n\t\t\t\t\tslidesToShow: 3,\r\n\t\t\t\t\tslidesToScroll: 3\r\n\t\t\t\t  }\r\n\t\t\t\t},\r\n\t\t\t\t{\r\n\t\t\t\t  breakpoint: 481,\r\n\t\t\t\t  settings: {\r\n\t\t\t\t\tslidesToShow: 1,\r\n\t\t\t\t\tslidesToScroll: 1\r\n\t\t\t\t  }\r\n\t\t\t\t}\r\n\t\t\t],pauseOnDotsHover: true,customPaging: function(slider, i) {\r\n\t   return '<i type=\"button\" style=\"color:#333333;\" class=\"far fa-circle\" data-role=\"none\"><\/i>';\r\n\t},});\r\n\t\t\t\t} else {\r\n\t\t\t\t\t\t\t\t}\r\n\t\t\t} )( jQuery );\r\n\t\t};\r\n\r\n\t\tif ( window.theme && theme.isLoaded ) {\r\n\t\t\tporto_inc_slick_js();\r\n\t\t} else {\r\n\t\t\twindow.addEventListener( 'load', porto_inc_slick_js );\r\n\t\t}\r\n\t})();\r\n<\/script>\r\n[\/vc_column][\/vc_row][vc_row][vc_column]<div class=\"porto-u-heading  wpb_custom_95aa9a11c17ad45cfabaf210d84ee7cc porto-u-4431\"><div class=\"porto-u-main-heading\"><h2  >Dan 3. konferencije KulenDayz - Chill Out Day<\/h2><\/div><style>.porto-u-4431.porto-u-heading{text-align:left}<\/style><\/div>[\/vc_column][\/vc_row][vc_row][vc_column][vc_column_text]<span style=\"font-size: 16px\">Posljednji dan, odvijao se u Tikve\u0161u. Odli\u010dno organiziran networking u prirodi. Odu\u0161evila nas je \u2018etno\u2019 marenda, mast na kruhu s mljevenom paprikom i soli. Nakon marende slijedi razgledavanje Titovog dvorca u Tikve\u0161u. Nakon II. svjetskog rata, dvorac je bio jedna od predsjedni\u010dkih rezidencija Tita. U njemu su odsjedali svjetski politi\u010dari koji su dolazili u lov. Za vrijeme Domovinskog rata dvorac je, na\u017ealost, oplja\u010dkan i devastiran. Danas je obnovljen te se u njemu nalazi Prezentacijsko-edukacijski centar Tikve\u0161 koji posjetiteljima pribli\u017eava prirodne fenomene Kopa\u010dkog rita.\u00a0<\/span>[\/vc_column_text][\/vc_column][\/vc_row][vc_row][vc_column][vc_column_text]<span style=\"font-size: 16px\">Nakon razgledavanja dvorca, mogli smo se opustiti u ga\u0111anje lukom i strijelom i razgovorom s drugim kolegama iz IT bran\u0161e. Tako\u0111er, i ru\u010dak je bio u slavonsko-baranjskom stilu. \u010cobanac i grah se kuhao kao nekad, kraj vatre. A uz to, na meniju je bio i gula\u0161 od divlja\u010di, za svakoga po ne\u0161to.<\/span>[\/vc_column_text][\/vc_column][\/vc_row][vc_row][vc_column]<div id=\"porto-carousel-11627291369f0ce5a84460\" class=\"porto-carousel-wrapper\" data-gutter=\"15\" data-rtl=\"false\" ><div class=\"porto-ultimate-carousel porto-carousel-98097319969f0ce5a84454 \" >[vc_single_image image=&#8221;8947&#8243; img_size=&#8221;826&#215;460&#8243;][vc_single_image image=&#8221;8945&#8243; img_size=&#8221;826&#215;460&#8243;][vc_single_image image=&#8221;8949&#8243; img_size=&#8221;826&#215;460&#8243;][vc_single_image image=&#8221;8950&#8243; img_size=&#8221;826&#215;460&#8243;][vc_single_image image=&#8221;8951&#8243; img_size=&#8221;826&#215;460&#8243;][vc_single_image image=&#8221;8954&#8243; img_size=&#8221;826&#215;460&#8243;][vc_single_image image=&#8221;8957&#8243; img_size=&#8221;826&#215;460&#8243;][vc_single_image image=&#8221;8956&#8243; img_size=&#8221;826&#215;460&#8243;][vc_single_image image=&#8221;8955&#8243; img_size=&#8221;826&#215;460&#8243;][vc_single_image image=&#8221;8953&#8243; img_size=&#8221;826&#215;460&#8243;][vc_single_image image=&#8221;8952&#8243; img_size=&#8221;826&#215;460&#8243;][vc_single_image image=&#8221;8959&#8243; img_size=&#8221;826&#215;460&#8243;]<\/div><\/div><script>\r\n\t(function(){\r\n\t\tvar porto_inc_slick_js = function() {\r\n\t\t\t( function( $ ) {\r\n\t\t\t\tif ( $.fn.slick ) {\r\n\t\t\t\t\t$('.porto-carousel-98097319969f0ce5a84454').slick({dots: true,autoplay: true,autoplaySpeed: 3000,speed: 300,infinite: true,arrows: true,nextArrow: '<button type=\"button\" role=\"button\" aria-label=\"Next\" style=\"color:#333333; font-size:20px;\" class=\"slick-next default\"><i class=\"fas fa-chevron-right\"><\/i><\/button>',prevArrow: '<button type=\"button\" role=\"button\" aria-label=\"Previous\" style=\"color:#333333; font-size:20px;\" class=\"slick-prev default\"><i class=\"fas fa-chevron-left\"><\/i><\/button>',slidesToScroll:1,slidesToShow:1,swipe: true,draggable: true,touchMove: true,pauseOnHover: true,responsive: [\r\n\t\t\t\t{\r\n\t\t\t\t  breakpoint: 1025,\r\n\t\t\t\t  settings: {\r\n\t\t\t\t\tslidesToShow: 1,\r\n\t\t\t\t\tslidesToScroll: 1,  \r\n\t\t\t\t  }\r\n\t\t\t\t},\r\n\t\t\t\t{\r\n\t\t\t\t  breakpoint: 769,\r\n\t\t\t\t  settings: {\r\n\t\t\t\t\tslidesToShow: 3,\r\n\t\t\t\t\tslidesToScroll: 3\r\n\t\t\t\t  }\r\n\t\t\t\t},\r\n\t\t\t\t{\r\n\t\t\t\t  breakpoint: 481,\r\n\t\t\t\t  settings: {\r\n\t\t\t\t\tslidesToShow: 1,\r\n\t\t\t\t\tslidesToScroll: 1\r\n\t\t\t\t  }\r\n\t\t\t\t}\r\n\t\t\t],pauseOnDotsHover: true,customPaging: function(slider, i) {\r\n\t   return '<i type=\"button\" style=\"color:#333333;\" class=\"far fa-circle\" data-role=\"none\"><\/i>';\r\n\t},});\r\n\t\t\t\t} else {\r\n\t\t\t\t\t\t\t\t}\r\n\t\t\t} )( jQuery );\r\n\t\t};\r\n\r\n\t\tif ( window.theme && theme.isLoaded ) {\r\n\t\t\tporto_inc_slick_js();\r\n\t\t} else {\r\n\t\t\twindow.addEventListener( 'load', porto_inc_slick_js );\r\n\t\t}\r\n\t})();\r\n<\/script>\r\n[vc_column_text]<span style=\"font-size: 16px\">KulenDayz, konferencija koja nikad ne razo\u010dara. Nadamo se da se vidimo i sljede\u0107e godine! <img decoding=\"async\" src=\"https:\/\/static.xx.fbcdn.net\/images\/emoji.php\/v9\/tac\/1\/16\/1f64b_200d_2642.png\" alt=\"?\u200d\u2642\ufe0f\" \/><\/span>[\/vc_column_text][\/vc_column][\/vc_row]<\/p>\n<\/div>","protected":false},"excerpt":{"rendered":"<p>[vc_row][vc_column][vc_column_text]I ove godine odlu\u010dili smo posjetiti par konferencija. Prva na redu bila nam je konferencija u Osijeku &#8211; KulenDayz. Konferencija se odr\u017eala u prekrasnoj baroknoj Tvr\u0111i sagra\u0111enoj u 18.st. Naziv konferencije zapravo nije povezan s kulenom, odnosno, ne radi se o konferenciji gdje lokalni OPG-ovi prodaju kulen, ve\u0107 o IT konferenciji. Iako, naravno, kulena i [&hellip;]<\/p>\n","protected":false},"author":11,"featured_media":8894,"comment_status":"open","ping_status":"open","sticky":false,"template":"","format":"standard","meta":{"inline_featured_image":false,"footnotes":""},"categories":[173,176],"tags":[],"yoast_head":"<!-- This site is optimized with the Yoast SEO plugin v22.4 - https:\/\/yoast.com\/wordpress\/plugins\/seo\/ -->\n<title>KulenDayz konferencija 2022. - Sysbee - HR<\/title>\n<meta name=\"description\" content=\"KulenDayz, konferencija koja nikad ne razo\u010dara. Uz odli\u010dne radionice, predavanja stru\u010dnjaka nudi i fantasti\u010dan networking.\" \/>\n<meta name=\"robots\" content=\"index, follow, max-snippet:-1, max-image-preview:large, max-video-preview:-1\" \/>\n<link rel=\"canonical\" href=\"https:\/\/www.sysbee.net\/hr\/novosti\/kulendayz-konferencija-2022\/\" \/>\n<meta property=\"og:locale\" content=\"hr_HR\" \/>\n<meta property=\"og:type\" content=\"article\" \/>\n<meta property=\"og:title\" content=\"KulenDayz konferencija 2022. - Sysbee - HR\" \/>\n<meta property=\"og:description\" content=\"KulenDayz, konferencija koja nikad ne razo\u010dara. Uz odli\u010dne radionice, predavanja stru\u010dnjaka nudi i fantasti\u010dan networking.\" \/>\n<meta property=\"og:url\" content=\"https:\/\/www.sysbee.net\/hr\/novosti\/kulendayz-konferencija-2022\/\" \/>\n<meta property=\"og:site_name\" content=\"Sysbee - HR\" \/>\n<meta property=\"article:published_time\" content=\"2022-09-15T10:05:35+00:00\" \/>\n<meta property=\"article:modified_time\" content=\"2022-09-16T08:37:08+00:00\" \/>\n<meta property=\"og:image\" content=\"https:\/\/cdn-web.sysbee.net\/hr\/wp-content\/uploads\/sites\/3\/2022\/09\/image-142.jpg?x75745\" \/>\n\t<meta property=\"og:image:width\" content=\"1908\" \/>\n\t<meta property=\"og:image:height\" content=\"1096\" \/>\n\t<meta property=\"og:image:type\" content=\"image\/jpeg\" \/>\n<meta name=\"author\" content=\"Natali Vla\u010di\u0107\" \/>\n<meta name=\"twitter:card\" content=\"summary_large_image\" \/>\n<meta name=\"twitter:label1\" content=\"Napisao\/la\" \/>\n\t<meta name=\"twitter:data1\" content=\"Natali Vla\u010di\u0107\" \/>\n\t<meta name=\"twitter:label2\" content=\"Procijenjeno vrijeme \u010ditanja\" \/>\n\t<meta name=\"twitter:data2\" content=\"4 minute\" \/>\n<script type=\"application\/ld+json\" class=\"yoast-schema-graph\">{\"@context\":\"https:\/\/schema.org\",\"@graph\":[{\"@type\":\"WebPage\",\"@id\":\"https:\/\/www.sysbee.net\/hr\/novosti\/kulendayz-konferencija-2022\/\",\"url\":\"https:\/\/www.sysbee.net\/hr\/novosti\/kulendayz-konferencija-2022\/\",\"name\":\"KulenDayz konferencija 2022. - Sysbee - HR\",\"isPartOf\":{\"@id\":\"https:\/\/www.sysbee.net\/hr\/#website\"},\"primaryImageOfPage\":{\"@id\":\"https:\/\/www.sysbee.net\/hr\/novosti\/kulendayz-konferencija-2022\/#primaryimage\"},\"image\":{\"@id\":\"https:\/\/www.sysbee.net\/hr\/novosti\/kulendayz-konferencija-2022\/#primaryimage\"},\"thumbnailUrl\":\"https:\/\/www.sysbee.net\/hr\/wp-content\/uploads\/sites\/3\/2022\/09\/image-142.jpg\",\"datePublished\":\"2022-09-15T10:05:35+00:00\",\"dateModified\":\"2022-09-16T08:37:08+00:00\",\"author\":{\"@id\":\"https:\/\/www.sysbee.net\/hr\/#\/schema\/person\/ba8ded65c9c7d65ab102bc9597505305\"},\"description\":\"KulenDayz, konferencija koja nikad ne razo\u010dara. Uz odli\u010dne radionice, predavanja stru\u010dnjaka nudi i fantasti\u010dan networking.\",\"breadcrumb\":{\"@id\":\"https:\/\/www.sysbee.net\/hr\/novosti\/kulendayz-konferencija-2022\/#breadcrumb\"},\"inLanguage\":\"hr\",\"potentialAction\":[{\"@type\":\"ReadAction\",\"target\":[\"https:\/\/www.sysbee.net\/hr\/novosti\/kulendayz-konferencija-2022\/\"]}]},{\"@type\":\"ImageObject\",\"inLanguage\":\"hr\",\"@id\":\"https:\/\/www.sysbee.net\/hr\/novosti\/kulendayz-konferencija-2022\/#primaryimage\",\"url\":\"https:\/\/www.sysbee.net\/hr\/wp-content\/uploads\/sites\/3\/2022\/09\/image-142.jpg\",\"contentUrl\":\"https:\/\/www.sysbee.net\/hr\/wp-content\/uploads\/sites\/3\/2022\/09\/image-142.jpg\",\"width\":1908,\"height\":1096,\"caption\":\"kulenDayz konferencija 2022\"},{\"@type\":\"BreadcrumbList\",\"@id\":\"https:\/\/www.sysbee.net\/hr\/novosti\/kulendayz-konferencija-2022\/#breadcrumb\",\"itemListElement\":[{\"@type\":\"ListItem\",\"position\":1,\"name\":\"Home\",\"item\":\"https:\/\/www.sysbee.net\/hr\/\"},{\"@type\":\"ListItem\",\"position\":2,\"name\":\"KulenDayz konferencija 2022.\"}]},{\"@type\":\"WebSite\",\"@id\":\"https:\/\/www.sysbee.net\/hr\/#website\",\"url\":\"https:\/\/www.sysbee.net\/hr\/\",\"name\":\"Sysbee - HR\",\"description\":\"Sysbee - HR\",\"potentialAction\":[{\"@type\":\"SearchAction\",\"target\":{\"@type\":\"EntryPoint\",\"urlTemplate\":\"https:\/\/www.sysbee.net\/hr\/?s={search_term_string}\"},\"query-input\":\"required name=search_term_string\"}],\"inLanguage\":\"hr\"},{\"@type\":\"Person\",\"@id\":\"https:\/\/www.sysbee.net\/hr\/#\/schema\/person\/ba8ded65c9c7d65ab102bc9597505305\",\"name\":\"Natali Vla\u010di\u0107\",\"image\":{\"@type\":\"ImageObject\",\"inLanguage\":\"hr\",\"@id\":\"https:\/\/www.sysbee.net\/hr\/#\/schema\/person\/image\/\",\"url\":\"https:\/\/secure.gravatar.com\/avatar\/94bfde4d4055b82d1604541d4f940e95?s=96&d=mm&r=g\",\"contentUrl\":\"https:\/\/secure.gravatar.com\/avatar\/94bfde4d4055b82d1604541d4f940e95?s=96&d=mm&r=g\",\"caption\":\"Natali Vla\u010di\u0107\"},\"description\":\"Natali is responsible for marketing activities in Sysbee - managing daily marketing tasks like creating visuals and writing content for blogs, newsletters, case studies, website, and social media. She also plans, analyzes, and manages various paid and non-paid marketing campaigns to ensure effective communication across all channels.\",\"url\":\"https:\/\/www.sysbee.net\/hr\/author\/natali\/\"}]}<\/script>\n<!-- \/ Yoast SEO plugin. -->","yoast_head_json":{"title":"KulenDayz konferencija 2022. - Sysbee - HR","description":"KulenDayz, konferencija koja nikad ne razo\u010dara. Uz odli\u010dne radionice, predavanja stru\u010dnjaka nudi i fantasti\u010dan networking.","robots":{"index":"index","follow":"follow","max-snippet":"max-snippet:-1","max-image-preview":"max-image-preview:large","max-video-preview":"max-video-preview:-1"},"canonical":"https:\/\/www.sysbee.net\/hr\/novosti\/kulendayz-konferencija-2022\/","og_locale":"hr_HR","og_type":"article","og_title":"KulenDayz konferencija 2022. - Sysbee - HR","og_description":"KulenDayz, konferencija koja nikad ne razo\u010dara. Uz odli\u010dne radionice, predavanja stru\u010dnjaka nudi i fantasti\u010dan networking.","og_url":"https:\/\/www.sysbee.net\/hr\/novosti\/kulendayz-konferencija-2022\/","og_site_name":"Sysbee - HR","article_published_time":"2022-09-15T10:05:35+00:00","article_modified_time":"2022-09-16T08:37:08+00:00","og_image":[{"width":1908,"height":1096,"url":"https:\/\/cdn-web.sysbee.net\/hr\/wp-content\/uploads\/sites\/3\/2022\/09\/image-142.jpg?x75745","type":"image\/jpeg"}],"author":"Natali Vla\u010di\u0107","twitter_card":"summary_large_image","twitter_misc":{"Napisao\/la":"Natali Vla\u010di\u0107","Procijenjeno vrijeme \u010ditanja":"4 minute"},"schema":{"@context":"https:\/\/schema.org","@graph":[{"@type":"WebPage","@id":"https:\/\/www.sysbee.net\/hr\/novosti\/kulendayz-konferencija-2022\/","url":"https:\/\/www.sysbee.net\/hr\/novosti\/kulendayz-konferencija-2022\/","name":"KulenDayz konferencija 2022. - Sysbee - HR","isPartOf":{"@id":"https:\/\/www.sysbee.net\/hr\/#website"},"primaryImageOfPage":{"@id":"https:\/\/www.sysbee.net\/hr\/novosti\/kulendayz-konferencija-2022\/#primaryimage"},"image":{"@id":"https:\/\/www.sysbee.net\/hr\/novosti\/kulendayz-konferencija-2022\/#primaryimage"},"thumbnailUrl":"https:\/\/www.sysbee.net\/hr\/wp-content\/uploads\/sites\/3\/2022\/09\/image-142.jpg","datePublished":"2022-09-15T10:05:35+00:00","dateModified":"2022-09-16T08:37:08+00:00","author":{"@id":"https:\/\/www.sysbee.net\/hr\/#\/schema\/person\/ba8ded65c9c7d65ab102bc9597505305"},"description":"KulenDayz, konferencija koja nikad ne razo\u010dara. Uz odli\u010dne radionice, predavanja stru\u010dnjaka nudi i fantasti\u010dan networking.","breadcrumb":{"@id":"https:\/\/www.sysbee.net\/hr\/novosti\/kulendayz-konferencija-2022\/#breadcrumb"},"inLanguage":"hr","potentialAction":[{"@type":"ReadAction","target":["https:\/\/www.sysbee.net\/hr\/novosti\/kulendayz-konferencija-2022\/"]}]},{"@type":"ImageObject","inLanguage":"hr","@id":"https:\/\/www.sysbee.net\/hr\/novosti\/kulendayz-konferencija-2022\/#primaryimage","url":"https:\/\/www.sysbee.net\/hr\/wp-content\/uploads\/sites\/3\/2022\/09\/image-142.jpg","contentUrl":"https:\/\/www.sysbee.net\/hr\/wp-content\/uploads\/sites\/3\/2022\/09\/image-142.jpg","width":1908,"height":1096,"caption":"kulenDayz konferencija 2022"},{"@type":"BreadcrumbList","@id":"https:\/\/www.sysbee.net\/hr\/novosti\/kulendayz-konferencija-2022\/#breadcrumb","itemListElement":[{"@type":"ListItem","position":1,"name":"Home","item":"https:\/\/www.sysbee.net\/hr\/"},{"@type":"ListItem","position":2,"name":"KulenDayz konferencija 2022."}]},{"@type":"WebSite","@id":"https:\/\/www.sysbee.net\/hr\/#website","url":"https:\/\/www.sysbee.net\/hr\/","name":"Sysbee - HR","description":"Sysbee - HR","potentialAction":[{"@type":"SearchAction","target":{"@type":"EntryPoint","urlTemplate":"https:\/\/www.sysbee.net\/hr\/?s={search_term_string}"},"query-input":"required name=search_term_string"}],"inLanguage":"hr"},{"@type":"Person","@id":"https:\/\/www.sysbee.net\/hr\/#\/schema\/person\/ba8ded65c9c7d65ab102bc9597505305","name":"Natali Vla\u010di\u0107","image":{"@type":"ImageObject","inLanguage":"hr","@id":"https:\/\/www.sysbee.net\/hr\/#\/schema\/person\/image\/","url":"https:\/\/secure.gravatar.com\/avatar\/94bfde4d4055b82d1604541d4f940e95?s=96&d=mm&r=g","contentUrl":"https:\/\/secure.gravatar.com\/avatar\/94bfde4d4055b82d1604541d4f940e95?s=96&d=mm&r=g","caption":"Natali Vla\u010di\u0107"},"description":"Natali is responsible for marketing activities in Sysbee - managing daily marketing tasks like creating visuals and writing content for blogs, newsletters, case studies, website, and social media. She also plans, analyzes, and manages various paid and non-paid marketing campaigns to ensure effective communication across all channels.","url":"https:\/\/www.sysbee.net\/hr\/author\/natali\/"}]}},"featured_image_src":{"landsacpe":["https:\/\/www.sysbee.net\/hr\/wp-content\/uploads\/sites\/3\/2022\/09\/image-142-1140x445.jpg",1140,445,true],"list":["https:\/\/www.sysbee.net\/hr\/wp-content\/uploads\/sites\/3\/2022\/09\/image-142-463x348.jpg",463,348,true],"medium":["https:\/\/www.sysbee.net\/hr\/wp-content\/uploads\/sites\/3\/2022\/09\/image-142-300x172.jpg",300,172,true],"full":["https:\/\/www.sysbee.net\/hr\/wp-content\/uploads\/sites\/3\/2022\/09\/image-142.jpg",1908,1096,false]},"_links":{"self":[{"href":"https:\/\/www.sysbee.net\/hr\/wp-json\/wp\/v2\/posts\/8883"}],"collection":[{"href":"https:\/\/www.sysbee.net\/hr\/wp-json\/wp\/v2\/posts"}],"about":[{"href":"https:\/\/www.sysbee.net\/hr\/wp-json\/wp\/v2\/types\/post"}],"author":[{"embeddable":true,"href":"https:\/\/www.sysbee.net\/hr\/wp-json\/wp\/v2\/users\/11"}],"replies":[{"embeddable":true,"href":"https:\/\/www.sysbee.net\/hr\/wp-json\/wp\/v2\/comments?post=8883"}],"version-history":[{"count":40,"href":"https:\/\/www.sysbee.net\/hr\/wp-json\/wp\/v2\/posts\/8883\/revisions"}],"predecessor-version":[{"id":8965,"href":"https:\/\/www.sysbee.net\/hr\/wp-json\/wp\/v2\/posts\/8883\/revisions\/8965"}],"wp:featuredmedia":[{"embeddable":true,"href":"https:\/\/www.sysbee.net\/hr\/wp-json\/wp\/v2\/media\/8894"}],"wp:attachment":[{"href":"https:\/\/www.sysbee.net\/hr\/wp-json\/wp\/v2\/media?parent=8883"}],"wp:term":[{"taxonomy":"category","embeddable":true,"href":"https:\/\/www.sysbee.net\/hr\/wp-json\/wp\/v2\/categories?post=8883"},{"taxonomy":"post_tag","embeddable":true,"href":"https:\/\/www.sysbee.net\/hr\/wp-json\/wp\/v2\/tags?post=8883"}],"curies":[{"name":"wp","href":"https:\/\/api.w.org\/{rel}","templated":true}]}}